[{"@context":"https:\/\/schema.org\/","@type":"BlogPosting","@id":"https:\/\/www.canariasconfidencial.com\/gran-canaria\/las-nuevas-leyes-de-administracion-publica-marcaran-un-antes-y-un-despues-que-respalda-la-fecai_-asegura-morales\/#BlogPosting","mainEntityOfPage":"https:\/\/www.canariasconfidencial.com\/gran-canaria\/las-nuevas-leyes-de-administracion-publica-marcaran-un-antes-y-un-despues-que-respalda-la-fecai_-asegura-morales\/","headline":"Las nuevas leyes de Administraci\u00f3n P\u00fablica marcar\u00e1n \u201cun antes y un despu\u00e9s\u201d que respalda la Fecai, asegura Morales","name":"Las nuevas leyes de Administraci\u00f3n P\u00fablica marcar\u00e1n \u201cun antes y un despu\u00e9s\u201d que respalda la Fecai, asegura Morales","description":"&nbsp; &nbsp; &ldquo;Estas son unas jornadas para formar a los trabajadores p&uacute;blicos sobre la nueva legislaci&oacute;n que sustituye a la de 1992, est&aacute; basada en la sociedad del conocimiento, en las nuevas tecnolog&iacute;as para aplicarlas a la administraci&oacute;n y a su relaci&oacute;n con el ciudadano&rdquo;, agreg&oacute; el tambi&eacute;n presidente del Cabildo de Gran Canaria. Es [&hellip;]","datePublished":"2016-01-26","dateModified":"2016-01-26","author":{"@type":"Person","@id":"https:\/\/www.canariasconfidencial.com\/author\/admin\/#Person","name":"Canarias Confidencial","url":"https:\/\/www.canariasconfidencial.com\/author\/admin\/","image":{"@type":"ImageObject","@id":"https:\/\/secure.gravatar.com\/avatar\/44ad1b7f51be99230dbaef835819598e?s=96&d=mm&r=g","url":"https:\/\/secure.gravatar.com\/avatar\/44ad1b7f51be99230dbaef835819598e?s=96&d=mm&r=g","height":96,"width":96}},"publisher":{"@type":"Organization","name":"Canarias Confidencial","logo":{"@type":"ImageObject","@id":"https:\/\/www.canariasconfidencial.com\/wp-content\/uploads\/2018\/07\/Canarias-Confidencial-1.png","url":"https:\/\/www.canariasconfidencial.com\/wp-content\/uploads\/2018\/07\/Canarias-Confidencial-1.png","width":600,"height":100}},"image":{"@type":"ImageObject","@id":"http:\/\/www.ucarecdn.com\/df07146a-ddbb-45d0-970c-cbfe8813d7bb\/-\/preview\/","url":"http:\/\/www.ucarecdn.com\/df07146a-ddbb-45d0-970c-cbfe8813d7bb\/-\/preview\/","height":"","width":""},"url":"https:\/\/www.canariasconfidencial.com\/gran-canaria\/las-nuevas-leyes-de-administracion-publica-marcaran-un-antes-y-un-despues-que-respalda-la-fecai_-asegura-morales\/","about":["Gran Canaria"],"wordCount":402},{"@context":"https:\/\/schema.org\/","@type":"BreadcrumbList","itemListElement":[{"@type":"ListItem","position":1,"name":"Gran Canaria","item":"https:\/\/www.canariasconfidencial.com\/gran-canaria\/#breadcrumbitem"},{"@type":"ListItem","position":2,"name":"Las nuevas leyes de Administraci\u00f3n P\u00fablica marcar\u00e1n \u201cun antes y un despu\u00e9s\u201d que respalda la Fecai, asegura Morales","item":"https:\/\/www.canariasconfidencial.com\/gran-canaria\/las-nuevas-leyes-de-administracion-publica-marcaran-un-antes-y-un-despues-que-respalda-la-fecai_-asegura-morales\/#breadcrumbitem"}]}]