[{"@context":"https:\/\/schema.org\/","@type":"BlogPosting","@id":"https:\/\/www.canariasconfidencial.com\/gran-canaria\/lomo-guillen-en-guia-contara-con-una-nueva-marquesina\/#BlogPosting","mainEntityOfPage":"https:\/\/www.canariasconfidencial.com\/gran-canaria\/lomo-guillen-en-guia-contara-con-una-nueva-marquesina\/","headline":"Lomo Guillen en Gu\u00eda contar\u00e1 con una nueva marquesina","name":"Lomo Guillen en Gu\u00eda contar\u00e1 con una nueva marquesina","description":"El alcalde de Gu&iacute;a, Pedro Rodr&iacute;guez, ha anunciado que este mes comenzar&aacute;n las obras para la colocaci&oacute;n de la marquesina de la parada de guaguas situada al inicio de la Avenida Lomo Guill&eacute;n. Con la ejecuci&oacute;n de este proyecto se dar&aacute; por fin respuesta, explic&oacute; Rodr&iacute;guez, a una demanda de los usuarios del transporte p&uacute;blico [&hellip;]","datePublished":"2016-08-04","dateModified":"2016-08-04","author":{"@type":"Person","@id":"https:\/\/www.canariasconfidencial.com\/author\/admin\/#Person","name":"Canarias Confidencial","url":"https:\/\/www.canariasconfidencial.com\/author\/admin\/","image":{"@type":"ImageObject","@id":"https:\/\/secure.gravatar.com\/avatar\/44ad1b7f51be99230dbaef835819598e?s=96&d=mm&r=g","url":"https:\/\/secure.gravatar.com\/avatar\/44ad1b7f51be99230dbaef835819598e?s=96&d=mm&r=g","height":96,"width":96}},"publisher":{"@type":"Organization","name":"Canarias Confidencial","logo":{"@type":"ImageObject","@id":"https:\/\/www.canariasconfidencial.com\/wp-content\/uploads\/2018\/07\/Canarias-Confidencial-1.png","url":"https:\/\/www.canariasconfidencial.com\/wp-content\/uploads\/2018\/07\/Canarias-Confidencial-1.png","width":600,"height":100}},"image":{"@type":"ImageObject","@id":"http:\/\/www.infonortedigital.com\/portada\/images\/noticias\/Guia2015\/Guia_2016\/lomoparada.jpg","url":"http:\/\/www.infonortedigital.com\/portada\/images\/noticias\/Guia2015\/Guia_2016\/lomoparada.jpg","height":"","width":""},"url":"https:\/\/www.canariasconfidencial.com\/gran-canaria\/lomo-guillen-en-guia-contara-con-una-nueva-marquesina\/","about":["Gran Canaria"],"wordCount":228},{"@context":"https:\/\/schema.org\/","@type":"BreadcrumbList","itemListElement":[{"@type":"ListItem","position":1,"name":"Gran Canaria","item":"https:\/\/www.canariasconfidencial.com\/gran-canaria\/#breadcrumbitem"},{"@type":"ListItem","position":2,"name":"Lomo Guillen en Gu\u00eda contar\u00e1 con una nueva marquesina","item":"https:\/\/www.canariasconfidencial.com\/gran-canaria\/lomo-guillen-en-guia-contara-con-una-nueva-marquesina\/#breadcrumbitem"}]}]