[{"@context":"https:\/\/schema.org\/","@type":"BlogPosting","@id":"https:\/\/www.canariasconfidencial.com\/gran-canaria\/los-chismosos-murga-se-suman-a-la-manifestacion-en-recuerdo-de-las-personas-desaparecidas\/#BlogPosting","mainEntityOfPage":"https:\/\/www.canariasconfidencial.com\/gran-canaria\/los-chismosos-murga-se-suman-a-la-manifestacion-en-recuerdo-de-las-personas-desaparecidas\/","headline":"Los Chismosos Murga se suman a la manifestaci\u00f3n en recuerdo de las personas desaparecidas","name":"Los Chismosos Murga se suman a la manifestaci\u00f3n en recuerdo de las personas desaparecidas","description":"Related posts:Proyecto Erasmus + en el IES Santa Mar\u00eda de Gu\u00edaTAL DIA COMO HOY (8-11-1793): Se abre al p\u00fablico el museo del Louvre.Entrevista al director de Canarias En Hora, Pedro Guerra","datePublished":"2017-03-09","dateModified":"2017-03-09","author":{"@type":"Person","@id":"https:\/\/www.canariasconfidencial.com\/author\/admin\/#Person","name":"Canarias Confidencial","url":"https:\/\/www.canariasconfidencial.com\/author\/admin\/","image":{"@type":"ImageObject","@id":"https:\/\/secure.gravatar.com\/avatar\/44ad1b7f51be99230dbaef835819598e?s=96&d=mm&r=g","url":"https:\/\/secure.gravatar.com\/avatar\/44ad1b7f51be99230dbaef835819598e?s=96&d=mm&r=g","height":96,"width":96}},"publisher":{"@type":"Organization","name":"Canarias Confidencial","logo":{"@type":"ImageObject","@id":"https:\/\/www.canariasconfidencial.com\/wp-content\/uploads\/2018\/07\/Canarias-Confidencial-1.png","url":"https:\/\/www.canariasconfidencial.com\/wp-content\/uploads\/2018\/07\/Canarias-Confidencial-1.png","width":600,"height":100}},"image":{"@type":"ImageObject","@id":"http:\/\/www.infonortedigital.com\/portada\/images\/noticias\/Guia2015\/Guia_2017\/chismososatalaya.jpg","url":"http:\/\/www.infonortedigital.com\/portada\/images\/noticias\/Guia2015\/Guia_2017\/chismososatalaya.jpg","height":"","width":""},"url":"https:\/\/www.canariasconfidencial.com\/gran-canaria\/los-chismosos-murga-se-suman-a-la-manifestacion-en-recuerdo-de-las-personas-desaparecidas\/","about":["Gran Canaria"],"wordCount":36},{"@context":"https:\/\/schema.org\/","@type":"BreadcrumbList","itemListElement":[{"@type":"ListItem","position":1,"name":"Gran Canaria","item":"https:\/\/www.canariasconfidencial.com\/gran-canaria\/#breadcrumbitem"},{"@type":"ListItem","position":2,"name":"Los Chismosos Murga se suman a la manifestaci\u00f3n en recuerdo de las personas desaparecidas","item":"https:\/\/www.canariasconfidencial.com\/gran-canaria\/los-chismosos-murga-se-suman-a-la-manifestacion-en-recuerdo-de-las-personas-desaparecidas\/#breadcrumbitem"}]}]