[{"@context":"https:\/\/schema.org\/","@type":"BlogPosting","@id":"https:\/\/www.canariasconfidencial.com\/gran-canaria\/los-lola_-salvapantallas-y-armonia-show-animaran-este-sabado-en-galdar-el-carnaval-en-familia\/#BlogPosting","mainEntityOfPage":"https:\/\/www.canariasconfidencial.com\/gran-canaria\/los-lola_-salvapantallas-y-armonia-show-animaran-este-sabado-en-galdar-el-carnaval-en-familia\/","headline":"Los Lola, Salvapantallas y Armon\u00eda Show animar\u00e1n este s\u00e1bado en G\u00e1ldar el Carnaval en Familia","name":"Los Lola, Salvapantallas y Armon\u00eda Show animar\u00e1n este s\u00e1bado en G\u00e1ldar el Carnaval en Familia","description":"&nbsp; &nbsp; &nbsp; &nbsp; La gran fiesta del Carnaval en Familia llenar&aacute; de animaci&oacute;n este s&aacute;bado 6 de febrero la Plaza de Santiago de G&aacute;ldar. La apuesta de la Concejal&iacute;a de Cultura y Fiestas para hacer lo m&aacute;s participativo este carnaval dedicado a &quot; La Vuelta al Mundo en 80 d&iacute;as&quot;, pasa por ofrecer m&uacute;ltiples [&hellip;]","datePublished":"2016-02-02","dateModified":"2016-02-02","author":{"@type":"Person","@id":"https:\/\/www.canariasconfidencial.com\/author\/admin\/#Person","name":"Canarias Confidencial","url":"https:\/\/www.canariasconfidencial.com\/author\/admin\/","image":{"@type":"ImageObject","@id":"https:\/\/secure.gravatar.com\/avatar\/44ad1b7f51be99230dbaef835819598e?s=96&d=mm&r=g","url":"https:\/\/secure.gravatar.com\/avatar\/44ad1b7f51be99230dbaef835819598e?s=96&d=mm&r=g","height":96,"width":96}},"publisher":{"@type":"Organization","name":"Canarias Confidencial","logo":{"@type":"ImageObject","@id":"https:\/\/www.canariasconfidencial.com\/wp-content\/uploads\/2018\/07\/Canarias-Confidencial-1.png","url":"https:\/\/www.canariasconfidencial.com\/wp-content\/uploads\/2018\/07\/Canarias-Confidencial-1.png","width":600,"height":100}},"image":{"@type":"ImageObject","@id":"http:\/\/www.infonortedigital.com\/portada\/images\/noticias\/Galdar2014\/familiacarnavai15.jpg","url":"http:\/\/www.infonortedigital.com\/portada\/images\/noticias\/Galdar2014\/familiacarnavai15.jpg","height":"","width":""},"url":"https:\/\/www.canariasconfidencial.com\/gran-canaria\/los-lola_-salvapantallas-y-armonia-show-animaran-este-sabado-en-galdar-el-carnaval-en-familia\/","about":["Gran Canaria"],"wordCount":479},{"@context":"https:\/\/schema.org\/","@type":"BreadcrumbList","itemListElement":[{"@type":"ListItem","position":1,"name":"Gran Canaria","item":"https:\/\/www.canariasconfidencial.com\/gran-canaria\/#breadcrumbitem"},{"@type":"ListItem","position":2,"name":"Los Lola, Salvapantallas y Armon\u00eda Show animar\u00e1n este s\u00e1bado en G\u00e1ldar el Carnaval en Familia","item":"https:\/\/www.canariasconfidencial.com\/gran-canaria\/los-lola_-salvapantallas-y-armonia-show-animaran-este-sabado-en-galdar-el-carnaval-en-familia\/#breadcrumbitem"}]}]