[{"@context":"https:\/\/schema.org\/","@type":"BlogPosting","@id":"https:\/\/www.canariasconfidencial.com\/gran-canaria\/los-profesionales-del-centro-ocupacional-santa-maria-de-guia-amplian-su-formacion\/#BlogPosting","mainEntityOfPage":"https:\/\/www.canariasconfidencial.com\/gran-canaria\/los-profesionales-del-centro-ocupacional-santa-maria-de-guia-amplian-su-formacion\/","headline":"Los profesionales del Centro Ocupacional Santa Mar\u00eda de Gu\u00eda ampl\u00edan su formaci\u00f3n","name":"Los profesionales del Centro Ocupacional Santa Mar\u00eda de Gu\u00eda ampl\u00edan su formaci\u00f3n","description":"Con el objetivo de seguir mejorando la calidad del servicio a los usuarios del Centro Ocupacional Santa Mar&iacute;a de Gu&iacute;a, &nbsp;la Concejal&iacute;a de Bienestar Social y Recursos Humanos, que dirige Naiara del Pino, ha organizado una acci&oacute;n formativa dirigida a los profesionales que trabajan en este centro para los pr&oacute;ximos d&iacute;as 20 y 22 de [&hellip;]","datePublished":"2017-06-15","dateModified":"2017-06-15","author":{"@type":"Person","@id":"https:\/\/www.canariasconfidencial.com\/author\/admin\/#Person","name":"Canarias Confidencial","url":"https:\/\/www.canariasconfidencial.com\/author\/admin\/","image":{"@type":"ImageObject","@id":"https:\/\/secure.gravatar.com\/avatar\/44ad1b7f51be99230dbaef835819598e?s=96&d=mm&r=g","url":"https:\/\/secure.gravatar.com\/avatar\/44ad1b7f51be99230dbaef835819598e?s=96&d=mm&r=g","height":96,"width":96}},"publisher":{"@type":"Organization","name":"Canarias Confidencial","logo":{"@type":"ImageObject","@id":"https:\/\/www.canariasconfidencial.com\/wp-content\/uploads\/2018\/07\/Canarias-Confidencial-1.png","url":"https:\/\/www.canariasconfidencial.com\/wp-content\/uploads\/2018\/07\/Canarias-Confidencial-1.png","width":600,"height":100}},"image":{"@type":"ImageObject","@id":"http:\/\/www.infonortedigital.com\/portada\/images\/noticias\/Guia2015\/Guia_2017\/guia87.jpg","url":"http:\/\/www.infonortedigital.com\/portada\/images\/noticias\/Guia2015\/Guia_2017\/guia87.jpg","height":"","width":""},"url":"https:\/\/www.canariasconfidencial.com\/gran-canaria\/los-profesionales-del-centro-ocupacional-santa-maria-de-guia-amplian-su-formacion\/","about":["Gran Canaria"],"wordCount":179},{"@context":"https:\/\/schema.org\/","@type":"BreadcrumbList","itemListElement":[{"@type":"ListItem","position":1,"name":"Gran Canaria","item":"https:\/\/www.canariasconfidencial.com\/gran-canaria\/#breadcrumbitem"},{"@type":"ListItem","position":2,"name":"Los profesionales del Centro Ocupacional Santa Mar\u00eda de Gu\u00eda ampl\u00edan su formaci\u00f3n","item":"https:\/\/www.canariasconfidencial.com\/gran-canaria\/los-profesionales-del-centro-ocupacional-santa-maria-de-guia-amplian-su-formacion\/#breadcrumbitem"}]}]