[{"@context":"https:\/\/schema.org\/","@type":"BlogPosting","@id":"https:\/\/www.canariasconfidencial.com\/gran-canaria\/los-vecinos-de-moya-rechazan-la-instalacion-de-antenas-de-telefonia-en-edificios-municipales\/#BlogPosting","mainEntityOfPage":"https:\/\/www.canariasconfidencial.com\/gran-canaria\/los-vecinos-de-moya-rechazan-la-instalacion-de-antenas-de-telefonia-en-edificios-municipales\/","headline":"Los vecinos de Moya rechazan la instalaci\u00f3n de antenas de telefon\u00eda en edificios municipales","name":"Los vecinos de Moya rechazan la instalaci\u00f3n de antenas de telefon\u00eda en edificios municipales","description":"El Ayuntamiento de la Villa de Moya no gestionar&aacute; la instalaci&oacute;n en dependencias municipales de dispositivos para mejorar la cobertura m&oacute;vil y de internet en el municipio, tras realizar el recuento de los votos emitidos durante la consulta ciudadana por este motivo. Los resultados reflejan un 75,38% de votos contrarios a estas gestiones, recabadas las [&hellip;]","datePublished":"2016-08-09","dateModified":"2016-08-09","author":{"@type":"Person","@id":"https:\/\/www.canariasconfidencial.com\/author\/admin\/#Person","name":"Canarias Confidencial","url":"https:\/\/www.canariasconfidencial.com\/author\/admin\/","image":{"@type":"ImageObject","@id":"https:\/\/secure.gravatar.com\/avatar\/44ad1b7f51be99230dbaef835819598e?s=96&d=mm&r=g","url":"https:\/\/secure.gravatar.com\/avatar\/44ad1b7f51be99230dbaef835819598e?s=96&d=mm&r=g","height":96,"width":96}},"publisher":{"@type":"Organization","name":"Canarias Confidencial","logo":{"@type":"ImageObject","@id":"https:\/\/www.canariasconfidencial.com\/wp-content\/uploads\/2018\/07\/Canarias-Confidencial-1.png","url":"https:\/\/www.canariasconfidencial.com\/wp-content\/uploads\/2018\/07\/Canarias-Confidencial-1.png","width":600,"height":100}},"image":{"@type":"ImageObject","@id":"https:\/\/www.canariasconfidencial.com\/wp-content\/uploads\/2018\/04\/avatar-2155431_640.png","url":"https:\/\/www.canariasconfidencial.com\/wp-content\/uploads\/2018\/04\/avatar-2155431_640.png","width":640,"height":360},"url":"https:\/\/www.canariasconfidencial.com\/gran-canaria\/los-vecinos-de-moya-rechazan-la-instalacion-de-antenas-de-telefonia-en-edificios-municipales\/","about":["Gran Canaria"],"wordCount":298},{"@context":"https:\/\/schema.org\/","@type":"BreadcrumbList","itemListElement":[{"@type":"ListItem","position":1,"name":"Gran Canaria","item":"https:\/\/www.canariasconfidencial.com\/gran-canaria\/#breadcrumbitem"},{"@type":"ListItem","position":2,"name":"Los vecinos de Moya rechazan la instalaci\u00f3n de antenas de telefon\u00eda en edificios municipales","item":"https:\/\/www.canariasconfidencial.com\/gran-canaria\/los-vecinos-de-moya-rechazan-la-instalacion-de-antenas-de-telefonia-en-edificios-municipales\/#breadcrumbitem"}]}]