[{"@context":"https:\/\/schema.org\/","@type":"BlogPosting","@id":"https:\/\/www.canariasconfidencial.com\/gran-canaria\/lucia-diaz-pregona-las-fiestas-de-anzo-anzofe-en-honor-a-santa-rita\/#BlogPosting","mainEntityOfPage":"https:\/\/www.canariasconfidencial.com\/gran-canaria\/lucia-diaz-pregona-las-fiestas-de-anzo-anzofe-en-honor-a-santa-rita\/","headline":"Luc\u00eda D\u00edaz pregona las fiestas de Anzo- Anzof\u00e9 en honor a Santa Rita","name":"Luc\u00eda D\u00edaz pregona las fiestas de Anzo- Anzof\u00e9 en honor a Santa Rita","description":"El barrio de Anzo-Anzof&eacute;, compartido por los municipios de G&aacute;ldar y Gu&iacute;a, celebra durante este mes de mayo, sus fiestas en honor a Santa Rita. Tras el engalanamiento del barrio el pasado lunes, primero de mayo, los actos festivos continuar&aacute;n este viernes, cinco de mayo, a las nueve de la noche, con la lectura del [&hellip;]","datePublished":"2017-05-03","dateModified":"2017-05-03","author":{"@type":"Person","@id":"https:\/\/www.canariasconfidencial.com\/author\/admin\/#Person","name":"Canarias Confidencial","url":"https:\/\/www.canariasconfidencial.com\/author\/admin\/","image":{"@type":"ImageObject","@id":"https:\/\/secure.gravatar.com\/avatar\/44ad1b7f51be99230dbaef835819598e?s=96&d=mm&r=g","url":"https:\/\/secure.gravatar.com\/avatar\/44ad1b7f51be99230dbaef835819598e?s=96&d=mm&r=g","height":96,"width":96}},"publisher":{"@type":"Organization","name":"Canarias Confidencial","logo":{"@type":"ImageObject","@id":"https:\/\/www.canariasconfidencial.com\/wp-content\/uploads\/2018\/07\/Canarias-Confidencial-1.png","url":"https:\/\/www.canariasconfidencial.com\/wp-content\/uploads\/2018\/07\/Canarias-Confidencial-1.png","width":600,"height":100}},"image":{"@type":"ImageObject","@id":"http:\/\/www.infonortedigital.com\/portada\/images\/noticias\/Galdar2015\/Galdar_2017\/anzorita.jpg","url":"http:\/\/www.infonortedigital.com\/portada\/images\/noticias\/Galdar2015\/Galdar_2017\/anzorita.jpg","height":"","width":""},"url":"https:\/\/www.canariasconfidencial.com\/gran-canaria\/lucia-diaz-pregona-las-fiestas-de-anzo-anzofe-en-honor-a-santa-rita\/","about":["Gran Canaria"],"wordCount":163},{"@context":"https:\/\/schema.org\/","@type":"BreadcrumbList","itemListElement":[{"@type":"ListItem","position":1,"name":"Gran Canaria","item":"https:\/\/www.canariasconfidencial.com\/gran-canaria\/#breadcrumbitem"},{"@type":"ListItem","position":2,"name":"Luc\u00eda D\u00edaz pregona las fiestas de Anzo- Anzof\u00e9 en honor a Santa Rita","item":"https:\/\/www.canariasconfidencial.com\/gran-canaria\/lucia-diaz-pregona-las-fiestas-de-anzo-anzofe-en-honor-a-santa-rita\/#breadcrumbitem"}]}]