[{"@context":"https:\/\/schema.org\/","@type":"BlogPosting","@id":"https:\/\/www.canariasconfidencial.com\/gran-canaria\/magistral-conferencia-de-amy-cuddy-sobre-el-lenguaje-corporal-como-influye-en-nuestra-percepcion-de-los-demas-y-de-nosotros-mismos\/#BlogPosting","mainEntityOfPage":"https:\/\/www.canariasconfidencial.com\/gran-canaria\/magistral-conferencia-de-amy-cuddy-sobre-el-lenguaje-corporal-como-influye-en-nuestra-percepcion-de-los-demas-y-de-nosotros-mismos\/","headline":"Magistral conferencia de Amy Cuddy sobre el lenguaje corporal. C\u00f3mo influye en nuestra percepci\u00f3n de los dem\u00e1s y de nosotros mismos.","name":"Magistral conferencia de Amy Cuddy sobre el lenguaje corporal. C\u00f3mo influye en nuestra percepci\u00f3n de los dem\u00e1s y de nosotros mismos.","description":"&nbsp; El lenguaje corporal influye en c&oacute;mo nos ven los dem&aacute;s, pero tambi&eacute;n puede cambiar en c&oacute;mo nos vemos a nosotros mismos. La psic&oacute;loga social Amy Cuddy muestra como las &quot;posturas de poder&quot; &mdash;mostrar una actitud de seguridad, a&uacute;n sinti&eacute;ndose inseguro&mdash; pueden alterar los niveles cerebrales de testosterona y cortisol, e incluso mejorar nuestras probabilidades [&hellip;]","datePublished":"2015-11-07","dateModified":"2015-11-07","author":{"@type":"Person","@id":"https:\/\/www.canariasconfidencial.com\/author\/admin\/#Person","name":"Canarias Confidencial","url":"https:\/\/www.canariasconfidencial.com\/author\/admin\/","image":{"@type":"ImageObject","@id":"https:\/\/secure.gravatar.com\/avatar\/44ad1b7f51be99230dbaef835819598e?s=96&d=mm&r=g","url":"https:\/\/secure.gravatar.com\/avatar\/44ad1b7f51be99230dbaef835819598e?s=96&d=mm&r=g","height":96,"width":96}},"publisher":{"@type":"Organization","name":"Canarias Confidencial","logo":{"@type":"ImageObject","@id":"https:\/\/www.canariasconfidencial.com\/wp-content\/uploads\/2018\/07\/Canarias-Confidencial-1.png","url":"https:\/\/www.canariasconfidencial.com\/wp-content\/uploads\/2018\/07\/Canarias-Confidencial-1.png","width":600,"height":100}},"image":{"@type":"ImageObject","@id":"http:\/\/www.ucarecdn.com\/e4f6d200-b2f6-4952-9173-38d103cc175e\/-\/preview\/","url":"http:\/\/www.ucarecdn.com\/e4f6d200-b2f6-4952-9173-38d103cc175e\/-\/preview\/","height":"","width":""},"url":"https:\/\/www.canariasconfidencial.com\/gran-canaria\/magistral-conferencia-de-amy-cuddy-sobre-el-lenguaje-corporal-como-influye-en-nuestra-percepcion-de-los-demas-y-de-nosotros-mismos\/","video":{"@context":"http:\/\/schema.org\/","@type":"VideoObject","@id":"https:\/\/www.youtube.com\/watch?v=Ks-_Mh1QhMc#VideoObject","contentUrl":"https:\/\/www.youtube.com\/watch?v=Ks-_Mh1QhMc","name":"Your Body Language May Shape Who You Are | Amy Cuddy | TED","description":"Body language affects how others see us, but it may also change how we see ourselves. Social psychologist Amy Cuddy argues that \"power posing\" -- standing in a posture of confidence, even when we don't feel confident -- can boost feelings of confidence, and might have an impact on our chances for success. (Note: Some of the findings presented in this talk have been referenced in an ongoing debate among social scientists about robustness and reproducibility. Read Amy Cuddy's response here: http:\/\/ideas.ted.com\/inside-the-debate-about-power-posing-a-q-a-with-amy-cuddy\/)\n\nGet TED Talks recommended just for you! Learn more at https:\/\/www.ted.com\/signup.\n\nThe TED Talks channel features the best talks and performances from the TED Conference, where the world's leading thinkers and doers give the talk of their lives in 18 minutes (or less). Look for talks on Technology, Entertainment and Design -- plus science, business, global issues, the arts and more.\n\nFollow TED on Twitter: http:\/\/www.twitter.com\/TEDTalks\nLike TED on Facebook: https:\/\/www.facebook.com\/TED\n\nSubscribe to our channel: https:\/\/www.youtube.com\/TED","thumbnailUrl":["https:\/\/i.ytimg.com\/vi\/Ks-_Mh1QhMc\/default.jpg","https:\/\/i.ytimg.com\/vi\/Ks-_Mh1QhMc\/mqdefault.jpg","https:\/\/i.ytimg.com\/vi\/Ks-_Mh1QhMc\/hqdefault.jpg","https:\/\/i.ytimg.com\/vi\/Ks-_Mh1QhMc\/sddefault.jpg","https:\/\/i.ytimg.com\/vi\/Ks-_Mh1QhMc\/maxresdefault.jpg"],"uploadDate":"2012-10-01T15:27:35+00:00","duration":"PT21M3S","embedUrl":"https:\/\/www.youtube.com\/embed\/Ks-_Mh1QhMc","publisher":{"@type":"Organization","@id":"https:\/\/www.youtube.com\/channel\/UCAuUUnT6oDeKwE6v1NGQxug#Organization","url":"https:\/\/www.youtube.com\/channel\/UCAuUUnT6oDeKwE6v1NGQxug","name":"TED","description":"The TED Talks channel features the best talks and performances from the TED Conference, where the world's leading thinkers and doers give the talk of their lives in 18 minutes (or less) \u2014 plus originals, podcasts and exclusive content. Look for videos on Technology, Entertainment and Design as well as science, business, global issues, the arts and more.\n\nVisit https:\/\/TED.com for our entire library, transcripts, translations and personalized recommendations.\n\nTED videos may be used for non-commercial purposes under a Creative Commons License, Attribution\u2013Non Commercial\u2013No Derivatives (or the CC BY \u2013 NC \u2013 ND 4.0 International) and in accordance with the TED Talks Usage Policy: https:\/\/www.ted.com\/about\/our-organization\/our-policies-terms\/ted-talks-usage-policy. For more information on using TED for commercial purposes (e.g. employee learning, in a film or online course), submit a request at https:\/\/media-requests.ted.com","logo":{"url":"https:\/\/yt3.ggpht.com\/ytc\/AIdro_koIFcCOrvh0KThLNOiazAIDu6hcs8bjkGNwe1f6A_OYm8=s800-c-k-c0x00ffffff-no-rj","width":800,"height":800,"@type":"ImageObject","@id":"https:\/\/www.youtube.com\/watch?v=Ks-_Mh1QhMc#VideoObject_publisher_logo_ImageObject"}},"potentialAction":{"@type":"SeekToAction","@id":"https:\/\/www.youtube.com\/watch?v=Ks-_Mh1QhMc#VideoObject_potentialAction","target":"https:\/\/www.youtube.com\/watch?v=Ks-_Mh1QhMc&t={seek_to_second_number}","startOffset-input":"required name=seek_to_second_number"},"interactionStatistic":[[{"@type":"InteractionCounter","@id":"https:\/\/www.youtube.com\/watch?v=Ks-_Mh1QhMc#VideoObject_interactionStatistic_WatchAction","interactionType":{"@type":"WatchAction"},"userInteractionCount":28250696}],{"@type":"InteractionCounter","@id":"https:\/\/www.youtube.com\/watch?v=Ks-_Mh1QhMc#VideoObject_interactionStatistic_LikeAction","interactionType":{"@type":"LikeAction"},"userInteractionCount":526238}]},"about":["Gran Canaria"],"wordCount":384},{"@context":"https:\/\/schema.org\/","@type":"BreadcrumbList","itemListElement":[{"@type":"ListItem","position":1,"name":"Gran Canaria","item":"https:\/\/www.canariasconfidencial.com\/gran-canaria\/#breadcrumbitem"},{"@type":"ListItem","position":2,"name":"Magistral conferencia de Amy Cuddy sobre el lenguaje corporal. C\u00f3mo influye en nuestra percepci\u00f3n de los dem\u00e1s y de nosotros mismos.","item":"https:\/\/www.canariasconfidencial.com\/gran-canaria\/magistral-conferencia-de-amy-cuddy-sobre-el-lenguaje-corporal-como-influye-en-nuestra-percepcion-de-los-demas-y-de-nosotros-mismos\/#breadcrumbitem"}]}]