[{"@context":"https:\/\/schema.org\/","@type":"BlogPosting","@id":"https:\/\/www.canariasconfidencial.com\/gran-canaria\/mas-de-800-pajaros-canarios-se-pueden-ver-en-la-casa-de-la-cultura-de-teror-hasta-el-domingo-8-de-noviembre\/#BlogPosting","mainEntityOfPage":"https:\/\/www.canariasconfidencial.com\/gran-canaria\/mas-de-800-pajaros-canarios-se-pueden-ver-en-la-casa-de-la-cultura-de-teror-hasta-el-domingo-8-de-noviembre\/","headline":"M\u00e1s de 800 p\u00e1jaros canarios se pueden ver en la Casa de la Cultura DE TEROR  hasta el domingo (8 de noviembre)","name":"M\u00e1s de 800 p\u00e1jaros canarios se pueden ver en la Casa de la Cultura DE TEROR  hasta el domingo (8 de noviembre)","description":"Isabel Guerra, alcaldesa de Teror,&nbsp;en la inauguraci&oacute;n oficial de la exposici&oacute;n&nbsp;(mi&eacute;rcoles 4 de noviembre de 2015) &nbsp; La Casa de la Cultura de Teror acoge hasta el pr&oacute;ximo domingo 8 de octubre a m&aacute;s de 800 p&aacute;jaros canarios con la celebraci&oacute;n del&nbsp; XXV Concurso-Exposici&oacute;n Villa de Teror, uno de los eventos m&aacute;s destacados de ornitolog&iacute;a [&hellip;]","datePublished":"2015-11-04","dateModified":"2015-11-04","author":{"@type":"Person","@id":"https:\/\/www.canariasconfidencial.com\/author\/admin\/#Person","name":"Canarias Confidencial","url":"https:\/\/www.canariasconfidencial.com\/author\/admin\/","image":{"@type":"ImageObject","@id":"https:\/\/secure.gravatar.com\/avatar\/44ad1b7f51be99230dbaef835819598e?s=96&d=mm&r=g","url":"https:\/\/secure.gravatar.com\/avatar\/44ad1b7f51be99230dbaef835819598e?s=96&d=mm&r=g","height":96,"width":96}},"publisher":{"@type":"Organization","name":"Canarias Confidencial","logo":{"@type":"ImageObject","@id":"https:\/\/www.canariasconfidencial.com\/wp-content\/uploads\/2018\/07\/Canarias-Confidencial-1.png","url":"https:\/\/www.canariasconfidencial.com\/wp-content\/uploads\/2018\/07\/Canarias-Confidencial-1.png","width":600,"height":100}},"image":{"@type":"ImageObject","@id":"http:\/\/www.ucarecdn.com\/1661e579-5f51-44ba-b9c3-0f09de7b3ff5\/-\/preview\/","url":"http:\/\/www.ucarecdn.com\/1661e579-5f51-44ba-b9c3-0f09de7b3ff5\/-\/preview\/","height":"","width":""},"url":"https:\/\/www.canariasconfidencial.com\/gran-canaria\/mas-de-800-pajaros-canarios-se-pueden-ver-en-la-casa-de-la-cultura-de-teror-hasta-el-domingo-8-de-noviembre\/","about":["Gran Canaria"],"wordCount":391},{"@context":"https:\/\/schema.org\/","@type":"BreadcrumbList","itemListElement":[{"@type":"ListItem","position":1,"name":"Gran Canaria","item":"https:\/\/www.canariasconfidencial.com\/gran-canaria\/#breadcrumbitem"},{"@type":"ListItem","position":2,"name":"M\u00e1s de 800 p\u00e1jaros canarios se pueden ver en la Casa de la Cultura DE TEROR  hasta el domingo (8 de noviembre)","item":"https:\/\/www.canariasconfidencial.com\/gran-canaria\/mas-de-800-pajaros-canarios-se-pueden-ver-en-la-casa-de-la-cultura-de-teror-hasta-el-domingo-8-de-noviembre\/#breadcrumbitem"}]}]