[{"@context":"https:\/\/schema.org\/","@type":"BlogPosting","@id":"https:\/\/www.canariasconfidencial.com\/gran-canaria\/mas-de-cuatro-mil-personas-disfrutaron-este-domingo-de-la-feria-de-reposteria-moya-dulce\/#BlogPosting","mainEntityOfPage":"https:\/\/www.canariasconfidencial.com\/gran-canaria\/mas-de-cuatro-mil-personas-disfrutaron-este-domingo-de-la-feria-de-reposteria-moya-dulce\/","headline":"M\u00e1s de cuatro mil personas disfrutaron este domingo de la feria de reposter\u00eda Moya dulce","name":"M\u00e1s de cuatro mil personas disfrutaron este domingo de la feria de reposter\u00eda Moya dulce","description":"El jurado, formado por el chef Aridane Rivero y su ayudante, M&oacute;nica Delgado, fall&oacute; el primer premio de la categor&iacute;a Amateur, dotado con un cheque por valor de 100 euros, para la receta titulada&nbsp;Sabor a Tr&oacute;pico, de Alicia Garc&iacute;a Gonz&aacute;lez, ganadora tambi&eacute;n en 2015; el segundo premio, con un cheque de 60 euros, fue para [&hellip;]","datePublished":"2016-06-05","dateModified":"2016-06-05","author":{"@type":"Person","@id":"https:\/\/www.canariasconfidencial.com\/author\/admin\/#Person","name":"Canarias Confidencial","url":"https:\/\/www.canariasconfidencial.com\/author\/admin\/","image":{"@type":"ImageObject","@id":"https:\/\/secure.gravatar.com\/avatar\/44ad1b7f51be99230dbaef835819598e?s=96&d=mm&r=g","url":"https:\/\/secure.gravatar.com\/avatar\/44ad1b7f51be99230dbaef835819598e?s=96&d=mm&r=g","height":96,"width":96}},"publisher":{"@type":"Organization","name":"Canarias Confidencial","logo":{"@type":"ImageObject","@id":"https:\/\/www.canariasconfidencial.com\/wp-content\/uploads\/2018\/07\/Canarias-Confidencial-1.png","url":"https:\/\/www.canariasconfidencial.com\/wp-content\/uploads\/2018\/07\/Canarias-Confidencial-1.png","width":600,"height":100}},"image":{"@type":"ImageObject","@id":"http:\/\/www.ucarecdn.com\/c7ac4af4-bdb4-4362-ae9f-e0bc6dbd9118\/-\/preview\/","url":"http:\/\/www.ucarecdn.com\/c7ac4af4-bdb4-4362-ae9f-e0bc6dbd9118\/-\/preview\/","height":"","width":""},"url":"https:\/\/www.canariasconfidencial.com\/gran-canaria\/mas-de-cuatro-mil-personas-disfrutaron-este-domingo-de-la-feria-de-reposteria-moya-dulce\/","about":["Gran Canaria"],"wordCount":1236},{"@context":"https:\/\/schema.org\/","@type":"BreadcrumbList","itemListElement":[{"@type":"ListItem","position":1,"name":"Gran Canaria","item":"https:\/\/www.canariasconfidencial.com\/gran-canaria\/#breadcrumbitem"},{"@type":"ListItem","position":2,"name":"M\u00e1s de cuatro mil personas disfrutaron este domingo de la feria de reposter\u00eda Moya dulce","item":"https:\/\/www.canariasconfidencial.com\/gran-canaria\/mas-de-cuatro-mil-personas-disfrutaron-este-domingo-de-la-feria-de-reposteria-moya-dulce\/#breadcrumbitem"}]}]