[{"@context":"https:\/\/schema.org\/","@type":"BlogPosting","@id":"https:\/\/www.canariasconfidencial.com\/gran-canaria\/medio-centenar-de-jovenes-asistieron-hoy-a-la-charla-informativa-sobre-el-programa-de-garantia-juvenil\/#BlogPosting","mainEntityOfPage":"https:\/\/www.canariasconfidencial.com\/gran-canaria\/medio-centenar-de-jovenes-asistieron-hoy-a-la-charla-informativa-sobre-el-programa-de-garantia-juvenil\/","headline":"MEDIO CENTENAR DE J\u00d3VENES ASISTIERON HOY A LA CHARLA INFORMATIVA SOBRE EL PROGRAMA DE GARANT\u00cdA JUVENIL","name":"MEDIO CENTENAR DE J\u00d3VENES ASISTIERON HOY A LA CHARLA INFORMATIVA SOBRE EL PROGRAMA DE GARANT\u00cdA JUVENIL","description":"La charla fue impartida por Ram&oacute;n Redondo, responsable de este Programa en la C&aacute;mara de Comercio de Gran Canaria, quien explic&oacute; a los asistentes la importancia de estar inscritos en el Programa de Garant&iacute;a Juvenil por las ventajas que supone tanto a nivel formativo como a la hora de mejorar las expectativas de incorporarse al [&hellip;]","datePublished":"2016-06-30","dateModified":"2016-06-30","author":{"@type":"Person","@id":"https:\/\/www.canariasconfidencial.com\/author\/admin\/#Person","name":"Canarias Confidencial","url":"https:\/\/www.canariasconfidencial.com\/author\/admin\/","image":{"@type":"ImageObject","@id":"https:\/\/secure.gravatar.com\/avatar\/44ad1b7f51be99230dbaef835819598e?s=96&d=mm&r=g","url":"https:\/\/secure.gravatar.com\/avatar\/44ad1b7f51be99230dbaef835819598e?s=96&d=mm&r=g","height":96,"width":96}},"publisher":{"@type":"Organization","name":"Canarias Confidencial","logo":{"@type":"ImageObject","@id":"https:\/\/www.canariasconfidencial.com\/wp-content\/uploads\/2018\/07\/Canarias-Confidencial-1.png","url":"https:\/\/www.canariasconfidencial.com\/wp-content\/uploads\/2018\/07\/Canarias-Confidencial-1.png","width":600,"height":100}},"image":{"@type":"ImageObject","@id":"http:\/\/www.ucarecdn.com\/5e14f7c0-5f49-4abc-9a9e-1ce0a67d6109\/-\/preview\/","url":"http:\/\/www.ucarecdn.com\/5e14f7c0-5f49-4abc-9a9e-1ce0a67d6109\/-\/preview\/","height":"","width":""},"url":"https:\/\/www.canariasconfidencial.com\/gran-canaria\/medio-centenar-de-jovenes-asistieron-hoy-a-la-charla-informativa-sobre-el-programa-de-garantia-juvenil\/","about":["Gran Canaria"],"wordCount":209},{"@context":"https:\/\/schema.org\/","@type":"BreadcrumbList","itemListElement":[{"@type":"ListItem","position":1,"name":"Gran Canaria","item":"https:\/\/www.canariasconfidencial.com\/gran-canaria\/#breadcrumbitem"},{"@type":"ListItem","position":2,"name":"MEDIO CENTENAR DE J\u00d3VENES ASISTIERON HOY A LA CHARLA INFORMATIVA SOBRE EL PROGRAMA DE GARANT\u00cdA JUVENIL","item":"https:\/\/www.canariasconfidencial.com\/gran-canaria\/medio-centenar-de-jovenes-asistieron-hoy-a-la-charla-informativa-sobre-el-programa-de-garantia-juvenil\/#breadcrumbitem"}]}]