[{"@context":"https:\/\/schema.org\/","@type":"BlogPosting","@id":"https:\/\/www.canariasconfidencial.com\/gran-canaria\/morales-basara-el-presupuesto-2016-del-cabildo-de-gran-canaria-en-generar-economia-y-proteger-a-los-mas-debiles\/#BlogPosting","mainEntityOfPage":"https:\/\/www.canariasconfidencial.com\/gran-canaria\/morales-basara-el-presupuesto-2016-del-cabildo-de-gran-canaria-en-generar-economia-y-proteger-a-los-mas-debiles\/","headline":"Morales basar\u00e1 el Presupuesto 2016 del Cabildo de Gran Canaria en generar econom\u00eda y proteger a los m\u00e1s d\u00e9biles","name":"Morales basar\u00e1 el Presupuesto 2016 del Cabildo de Gran Canaria en generar econom\u00eda y proteger a los m\u00e1s d\u00e9biles","description":"&nbsp; &nbsp; &nbsp; &nbsp; El presidente del Cabildo de Gran Canaria, Antonio Morales, ha anunciado que basar&aacute; el Presupuesto 2016 de la Corporaci&oacute;n insular en generar econom&iacute;a y proteger a los que peor lo est&aacute;n pasando en la actualidad. &quot;Tiene que estar sustentado en dos pilares: Tenemos una profunda vocaci&oacute;n social y tenemos que generar [&hellip;]","datePublished":"2015-10-15","dateModified":"2015-10-15","author":{"@type":"Person","@id":"https:\/\/www.canariasconfidencial.com\/author\/admin\/#Person","name":"Canarias Confidencial","url":"https:\/\/www.canariasconfidencial.com\/author\/admin\/","image":{"@type":"ImageObject","@id":"https:\/\/secure.gravatar.com\/avatar\/44ad1b7f51be99230dbaef835819598e?s=96&d=mm&r=g","url":"https:\/\/secure.gravatar.com\/avatar\/44ad1b7f51be99230dbaef835819598e?s=96&d=mm&r=g","height":96,"width":96}},"publisher":{"@type":"Organization","name":"Canarias Confidencial","logo":{"@type":"ImageObject","@id":"https:\/\/www.canariasconfidencial.com\/wp-content\/uploads\/2018\/07\/Canarias-Confidencial-1.png","url":"https:\/\/www.canariasconfidencial.com\/wp-content\/uploads\/2018\/07\/Canarias-Confidencial-1.png","width":600,"height":100}},"image":{"@type":"ImageObject","@id":"http:\/\/www.ucarecdn.com\/8d2ddba6-a633-4448-b61d-3230bf922a34\/-\/preview\/","url":"http:\/\/www.ucarecdn.com\/8d2ddba6-a633-4448-b61d-3230bf922a34\/-\/preview\/","height":"","width":""},"url":"https:\/\/www.canariasconfidencial.com\/gran-canaria\/morales-basara-el-presupuesto-2016-del-cabildo-de-gran-canaria-en-generar-economia-y-proteger-a-los-mas-debiles\/","about":["Gran Canaria"],"wordCount":242},{"@context":"https:\/\/schema.org\/","@type":"BreadcrumbList","itemListElement":[{"@type":"ListItem","position":1,"name":"Gran Canaria","item":"https:\/\/www.canariasconfidencial.com\/gran-canaria\/#breadcrumbitem"},{"@type":"ListItem","position":2,"name":"Morales basar\u00e1 el Presupuesto 2016 del Cabildo de Gran Canaria en generar econom\u00eda y proteger a los m\u00e1s d\u00e9biles","item":"https:\/\/www.canariasconfidencial.com\/gran-canaria\/morales-basara-el-presupuesto-2016-del-cabildo-de-gran-canaria-en-generar-economia-y-proteger-a-los-mas-debiles\/#breadcrumbitem"}]}]