[{"@context":"https:\/\/schema.org\/","@type":"BlogPosting","@id":"https:\/\/www.canariasconfidencial.com\/gran-canaria\/morales-con-buena-formacion-en-el-sector-primario-no-nos-ganaran-los-productos-de-fuera\/#BlogPosting","mainEntityOfPage":"https:\/\/www.canariasconfidencial.com\/gran-canaria\/morales-con-buena-formacion-en-el-sector-primario-no-nos-ganaran-los-productos-de-fuera\/","headline":"Morales: con buena formaci\u00f3n en el sector primario no nos ganar\u00e1n los productos de fuera","name":"Morales: con buena formaci\u00f3n en el sector primario no nos ganar\u00e1n los productos de fuera","description":"&nbsp; Una formaci&oacute;n esencial porque &ldquo;con una buena formaci&oacute;n en el sector primario no nos ganar&aacute;n los productos que vienen de fuera, muchas veces de peor calidad&rdquo;, subray&oacute; el presidente del Cabildo, Antonio Morales. El presidente insular alab&oacute; por ello la implicaci&oacute;n del empresariado en la formaci&oacute;n de personal y destac&oacute; la importancia de la [&hellip;]","datePublished":"2016-06-27","dateModified":"2016-06-27","author":{"@type":"Person","@id":"https:\/\/www.canariasconfidencial.com\/author\/admin\/#Person","name":"Canarias Confidencial","url":"https:\/\/www.canariasconfidencial.com\/author\/admin\/","image":{"@type":"ImageObject","@id":"https:\/\/secure.gravatar.com\/avatar\/44ad1b7f51be99230dbaef835819598e?s=96&d=mm&r=g","url":"https:\/\/secure.gravatar.com\/avatar\/44ad1b7f51be99230dbaef835819598e?s=96&d=mm&r=g","height":96,"width":96}},"publisher":{"@type":"Organization","name":"Canarias Confidencial","logo":{"@type":"ImageObject","@id":"https:\/\/www.canariasconfidencial.com\/wp-content\/uploads\/2018\/07\/Canarias-Confidencial-1.png","url":"https:\/\/www.canariasconfidencial.com\/wp-content\/uploads\/2018\/07\/Canarias-Confidencial-1.png","width":600,"height":100}},"image":{"@type":"ImageObject","@id":"http:\/\/www.ucarecdn.com\/b17c2afe-e201-4a1a-b24d-953ec4cd1b44\/-\/preview\/","url":"http:\/\/www.ucarecdn.com\/b17c2afe-e201-4a1a-b24d-953ec4cd1b44\/-\/preview\/","height":"","width":""},"url":"https:\/\/www.canariasconfidencial.com\/gran-canaria\/morales-con-buena-formacion-en-el-sector-primario-no-nos-ganaran-los-productos-de-fuera\/","about":["Gran Canaria"],"wordCount":408},{"@context":"https:\/\/schema.org\/","@type":"BreadcrumbList","itemListElement":[{"@type":"ListItem","position":1,"name":"Gran Canaria","item":"https:\/\/www.canariasconfidencial.com\/gran-canaria\/#breadcrumbitem"},{"@type":"ListItem","position":2,"name":"Morales: con buena formaci\u00f3n en el sector primario no nos ganar\u00e1n los productos de fuera","item":"https:\/\/www.canariasconfidencial.com\/gran-canaria\/morales-con-buena-formacion-en-el-sector-primario-no-nos-ganaran-los-productos-de-fuera\/#breadcrumbitem"}]}]