[{"@context":"https:\/\/schema.org\/","@type":"BlogPosting","@id":"https:\/\/www.canariasconfidencial.com\/gran-canaria\/musica-la-vie-en-rose\/#BlogPosting","mainEntityOfPage":"https:\/\/www.canariasconfidencial.com\/gran-canaria\/musica-la-vie-en-rose\/","headline":"M\u00fasica: La vie en rose","name":"M\u00fasica: La vie en rose","description":"Haz Clic en la imagen para escuchar la versi&oacute;n de Edith Piaf&nbsp; La Vie en Rose&nbsp;(La vida en rosa) fue la&nbsp;canci&oacute;n insignia&nbsp;de la cantante&nbsp;francesa&nbsp;&Eacute;dith Piaf.&nbsp;&Eacute;dith Piaf&nbsp;populariz&oacute; la canci&oacute;n en 1946. La letra fue escrita por Piaf y la melod&iacute;a por &quot;Louiguy&quot; (Louis Gugliemi). Inicialmente, los compa&ntilde;eros de Piaf y su equipo de compositores no creyeron [&hellip;]","datePublished":"2015-10-01","dateModified":"2015-10-01","author":{"@type":"Person","@id":"https:\/\/www.canariasconfidencial.com\/author\/admin\/#Person","name":"Canarias Confidencial","url":"https:\/\/www.canariasconfidencial.com\/author\/admin\/","image":{"@type":"ImageObject","@id":"https:\/\/secure.gravatar.com\/avatar\/44ad1b7f51be99230dbaef835819598e?s=96&d=mm&r=g","url":"https:\/\/secure.gravatar.com\/avatar\/44ad1b7f51be99230dbaef835819598e?s=96&d=mm&r=g","height":96,"width":96}},"publisher":{"@type":"Organization","name":"Canarias Confidencial","logo":{"@type":"ImageObject","@id":"https:\/\/www.canariasconfidencial.com\/wp-content\/uploads\/2018\/07\/Canarias-Confidencial-1.png","url":"https:\/\/www.canariasconfidencial.com\/wp-content\/uploads\/2018\/07\/Canarias-Confidencial-1.png","width":600,"height":100}},"image":{"@type":"ImageObject","@id":"http:\/\/www.ucarecdn.com\/dbbab250-f4f1-4115-94a8-8309dd0b1494\/-\/preview\/","url":"http:\/\/www.ucarecdn.com\/dbbab250-f4f1-4115-94a8-8309dd0b1494\/-\/preview\/","height":"","width":""},"url":"https:\/\/www.canariasconfidencial.com\/gran-canaria\/musica-la-vie-en-rose\/","video":[{"@context":"http:\/\/schema.org\/","@type":"VideoObject","@id":"https:\/\/www.youtube.com\/watch?v=0feNVUwQA8U#VideoObject","contentUrl":"https:\/\/www.youtube.com\/watch?v=0feNVUwQA8U","name":"Edith Piaf -La vie en rose with lyrics","description":"","thumbnailUrl":["https:\/\/i.ytimg.com\/vi\/0feNVUwQA8U\/default.jpg","https:\/\/i.ytimg.com\/vi\/0feNVUwQA8U\/mqdefault.jpg","https:\/\/i.ytimg.com\/vi\/0feNVUwQA8U\/hqdefault.jpg"],"uploadDate":"2009-06-19T00:34:22+00:00","duration":"PT3M6S","embedUrl":"https:\/\/www.youtube.com\/embed\/0feNVUwQA8U","publisher":{"@type":"Organization","@id":"https:\/\/www.youtube.com\/channel\/UCvK2-nj6kKzfzHi3Gck5C4w#Organization","url":"https:\/\/www.youtube.com\/channel\/UCvK2-nj6kKzfzHi3Gck5C4w","name":"macacalocaedoida","description":"eu n\u00e3o tenho criatividade, ent\u00e3o eu s\u00f3 fa\u00e7o upload dos v\u00eddeos que eu baixo aqui no youtube mesmo.","logo":{"url":"https:\/\/yt3.ggpht.com\/ytc\/AIdro_lwd3UxabjZr0Kae7hVFc4iC6oTpVRFveOqSI30xzs=s800-c-k-c0x00ffffff-no-rj","width":800,"height":800,"@type":"ImageObject","@id":"https:\/\/www.youtube.com\/watch?v=0feNVUwQA8U#VideoObject_publisher_logo_ImageObject"}},"potentialAction":{"@type":"SeekToAction","@id":"https:\/\/www.youtube.com\/watch?v=0feNVUwQA8U#VideoObject_potentialAction","target":"https:\/\/www.youtube.com\/watch?v=0feNVUwQA8U&t={seek_to_second_number}","startOffset-input":"required name=seek_to_second_number"},"interactionStatistic":[[{"@type":"InteractionCounter","@id":"https:\/\/www.youtube.com\/watch?v=0feNVUwQA8U#VideoObject_interactionStatistic_WatchAction","interactionType":{"@type":"WatchAction"},"userInteractionCount":22886378}],{"@type":"InteractionCounter","@id":"https:\/\/www.youtube.com\/watch?v=0feNVUwQA8U#VideoObject_interactionStatistic_LikeAction","interactionType":{"@type":"LikeAction"},"userInteractionCount":171757}]},{"@context":"http:\/\/schema.org\/","@type":"VideoObject","@id":"https:\/\/www.youtube.com\/watch?v=8IJzYAda1wA#VideoObject","contentUrl":"https:\/\/www.youtube.com\/watch?v=8IJzYAda1wA","name":"La vie en rose - Louis Armstrong","description":"LYRICS\n\nHold me close and hold me fast\nThe magic spell you cast\nThis is la vie en rose\n\nWhen you kiss me heaven sighs\nAnd tho I close my eyes\nI see la vie en rose\n\nWhen you press me to your heart\nI'm in a world apart\nA world where roses bloom\n\nAnd when you speak...angels sing from above\nEveryday words seem...to turn into love songs\n\nGive your heart and soul to me\nAnd life will always be\nLa vie en rose","thumbnailUrl":["https:\/\/i.ytimg.com\/vi\/8IJzYAda1wA\/default.jpg","https:\/\/i.ytimg.com\/vi\/8IJzYAda1wA\/mqdefault.jpg","https:\/\/i.ytimg.com\/vi\/8IJzYAda1wA\/hqdefault.jpg"],"uploadDate":"2009-01-25T14:34:00+00:00","duration":"PT3M26S","embedUrl":"https:\/\/www.youtube.com\/embed\/8IJzYAda1wA","publisher":{"@type":"Organization","@id":"https:\/\/www.youtube.com\/channel\/UCIkOiUx_OQZtGGjrMi0-PRQ#Organization","url":"https:\/\/www.youtube.com\/channel\/UCIkOiUx_OQZtGGjrMi0-PRQ","name":"IIIIvideowatcherIIII","description":"","logo":{"url":"https:\/\/yt3.ggpht.com\/ytc\/AIdro_nJocsxdcje-s5CR3hXXQCh6fti1NbaC_JHwupjANIrMA=s800-c-k-c0x00ffffff-no-rj","width":800,"height":800,"@type":"ImageObject","@id":"https:\/\/www.youtube.com\/watch?v=8IJzYAda1wA#VideoObject_publisher_logo_ImageObject"}},"potentialAction":{"@type":"SeekToAction","@id":"https:\/\/www.youtube.com\/watch?v=8IJzYAda1wA#VideoObject_potentialAction","target":"https:\/\/www.youtube.com\/watch?v=8IJzYAda1wA&t={seek_to_second_number}","startOffset-input":"required name=seek_to_second_number"},"interactionStatistic":[[{"@type":"InteractionCounter","@id":"https:\/\/www.youtube.com\/watch?v=8IJzYAda1wA#VideoObject_interactionStatistic_WatchAction","interactionType":{"@type":"WatchAction"},"userInteractionCount":63991335}],{"@type":"InteractionCounter","@id":"https:\/\/www.youtube.com\/watch?v=8IJzYAda1wA#VideoObject_interactionStatistic_LikeAction","interactionType":{"@type":"LikeAction"},"userInteractionCount":680711}]},null,{"@context":"http:\/\/schema.org\/","@type":"VideoObject","@id":"https:\/\/www.youtube.com\/watch?v=aTzosMeo1bw#VideoObject","contentUrl":"https:\/\/www.youtube.com\/watch?v=aTzosMeo1bw","name":"La Vie en Rose- Duo Gadjo","description":"I have no rights to this song. It's La Vie en Rose by Duo Gadjo off their album Meet Me in Paris","thumbnailUrl":["https:\/\/i.ytimg.com\/vi\/aTzosMeo1bw\/default.jpg","https:\/\/i.ytimg.com\/vi\/aTzosMeo1bw\/mqdefault.jpg","https:\/\/i.ytimg.com\/vi\/aTzosMeo1bw\/hqdefault.jpg","https:\/\/i.ytimg.com\/vi\/aTzosMeo1bw\/sddefault.jpg","https:\/\/i.ytimg.com\/vi\/aTzosMeo1bw\/maxresdefault.jpg"],"uploadDate":"2012-03-07T07:39:41+00:00","duration":"PT4M52S","embedUrl":"https:\/\/www.youtube.com\/embed\/aTzosMeo1bw","publisher":{"@type":"Organization","@id":"https:\/\/www.youtube.com\/channel\/UCwFbfAOHWzMlGgJSDl9Fobg#Organization","url":"https:\/\/www.youtube.com\/channel\/UCwFbfAOHWzMlGgJSDl9Fobg","name":"Nicki B","description":"Singer\/Songwriter\/Musician, lover of peace, people, and music that moves and inspires positive change in the world.\n\nContact Info: NickiBMusic@gmail.com","logo":{"url":"https:\/\/yt3.ggpht.com\/ytc\/AIdro_lOENErXpM6M3jzJXWphTwpjj2ZpAr1_KFXD5pt4zmcFL2F=s800-c-k-c0x00ffffff-no-rj","width":800,"height":800,"@type":"ImageObject","@id":"https:\/\/www.youtube.com\/watch?v=aTzosMeo1bw#VideoObject_publisher_logo_ImageObject"}},"potentialAction":{"@type":"SeekToAction","@id":"https:\/\/www.youtube.com\/watch?v=aTzosMeo1bw#VideoObject_potentialAction","target":"https:\/\/www.youtube.com\/watch?v=aTzosMeo1bw&t={seek_to_second_number}","startOffset-input":"required name=seek_to_second_number"},"interactionStatistic":[[{"@type":"InteractionCounter","@id":"https:\/\/www.youtube.com\/watch?v=aTzosMeo1bw#VideoObject_interactionStatistic_WatchAction","interactionType":{"@type":"WatchAction"},"userInteractionCount":443462}],{"@type":"InteractionCounter","@id":"https:\/\/www.youtube.com\/watch?v=aTzosMeo1bw#VideoObject_interactionStatistic_LikeAction","interactionType":{"@type":"LikeAction"},"userInteractionCount":3285}]},{"@context":"http:\/\/schema.org\/","@type":"VideoObject","@id":"https:\/\/www.youtube.com\/watch?v=8CmrojtHWJ8#VideoObject","contentUrl":"https:\/\/www.youtube.com\/watch?v=8CmrojtHWJ8","name":"La Vie En Rose - Halie Loren Live @ Ginza International Jazz Festival 2010","description":"Halie Loren performing at the 2010 Ginza International Jazz festival in Tokyo, Japan on November 1st, 2010.\r\n\r\nAlso performing in the video are Matt Treder (piano), Ken Ota (saxophones), Go Shimada (bass) and Hidenobu \"KALTA\" Otsuki (drums)\r\n\r\nThe song clip is of Edith Piaf's signature song, \"La Vie En Rose\", which Halie features on her 2010 album \"After Dark\".","thumbnailUrl":["https:\/\/i.ytimg.com\/vi\/8CmrojtHWJ8\/default.jpg","https:\/\/i.ytimg.com\/vi\/8CmrojtHWJ8\/mqdefault.jpg","https:\/\/i.ytimg.com\/vi\/8CmrojtHWJ8\/hqdefault.jpg"],"uploadDate":"2010-12-26T03:24:51+00:00","duration":"PT5M1S","embedUrl":"https:\/\/www.youtube.com\/embed\/8CmrojtHWJ8","publisher":{"@type":"Organization","@id":"https:\/\/www.youtube.com\/channel\/UCx7OAXuPfjc-7K2GREQ2TZA#Organization","url":"https:\/\/www.youtube.com\/channel\/UCx7OAXuPfjc-7K2GREQ2TZA","name":"halieloren","description":"Official YouTube channel for musical artist Halie Loren","logo":{"url":"https:\/\/yt3.ggpht.com\/z1ax-tJDSceT-u5wYyGUzil7PLQpjaj--btqW1zaBrIicUsqixP5mMqhVzcrMVbmR0LCg7A0BQ=s800-c-k-c0x00ffffff-no-rj","width":800,"height":800,"@type":"ImageObject","@id":"https:\/\/www.youtube.com\/watch?v=8CmrojtHWJ8#VideoObject_publisher_logo_ImageObject"}},"potentialAction":{"@type":"SeekToAction","@id":"https:\/\/www.youtube.com\/watch?v=8CmrojtHWJ8#VideoObject_potentialAction","target":"https:\/\/www.youtube.com\/watch?v=8CmrojtHWJ8&t={seek_to_second_number}","startOffset-input":"required name=seek_to_second_number"},"interactionStatistic":[[{"@type":"InteractionCounter","@id":"https:\/\/www.youtube.com\/watch?v=8CmrojtHWJ8#VideoObject_interactionStatistic_WatchAction","interactionType":{"@type":"WatchAction"},"userInteractionCount":128270}],{"@type":"InteractionCounter","@id":"https:\/\/www.youtube.com\/watch?v=8CmrojtHWJ8#VideoObject_interactionStatistic_LikeAction","interactionType":{"@type":"LikeAction"},"userInteractionCount":633}]},{"@context":"http:\/\/schema.org\/","@type":"VideoObject","@id":"https:\/\/www.youtube.com\/watch?v=g_pdV9w6l7s#VideoObject","contentUrl":"https:\/\/www.youtube.com\/watch?v=g_pdV9w6l7s","name":"Dalida - Julio Iglesias - La vie en rose.240.mp4","description":"\u042d\u0442\u043e \u0432\u0438\u0434\u0435\u043e \u0437\u0430\u0433\u0440\u0443\u0436\u0435\u043d\u043e \u0441 \u0442\u0435\u043b\u0435\u0444\u043e\u043d\u0430 Android.","thumbnailUrl":["https:\/\/i.ytimg.com\/vi\/g_pdV9w6l7s\/default.jpg","https:\/\/i.ytimg.com\/vi\/g_pdV9w6l7s\/mqdefault.jpg","https:\/\/i.ytimg.com\/vi\/g_pdV9w6l7s\/hqdefault.jpg"],"uploadDate":"2012-07-21T16:51:53+00:00","duration":"PT3M2S","embedUrl":"https:\/\/www.youtube.com\/embed\/g_pdV9w6l7s","publisher":{"@type":"Organization","@id":"https:\/\/www.youtube.com\/channel\/UC8ULNgWJbQMT7UdrQhJIzZg#Organization","url":"https:\/\/www.youtube.com\/channel\/UC8ULNgWJbQMT7UdrQhJIzZg","name":"angelaben72","description":"","logo":{"url":"https:\/\/yt3.ggpht.com\/ytc\/AIdro_n8ycut-jTi9zEfL_eaSVvhRKGTg615LrKooJgMaA=s800-c-k-c0x00ffffff-no-rj","width":800,"height":800,"@type":"ImageObject","@id":"https:\/\/www.youtube.com\/watch?v=g_pdV9w6l7s#VideoObject_publisher_logo_ImageObject"}},"potentialAction":{"@type":"SeekToAction","@id":"https:\/\/www.youtube.com\/watch?v=g_pdV9w6l7s#VideoObject_potentialAction","target":"https:\/\/www.youtube.com\/watch?v=g_pdV9w6l7s&t={seek_to_second_number}","startOffset-input":"required name=seek_to_second_number"},"interactionStatistic":[[{"@type":"InteractionCounter","@id":"https:\/\/www.youtube.com\/watch?v=g_pdV9w6l7s#VideoObject_interactionStatistic_WatchAction","interactionType":{"@type":"WatchAction"},"userInteractionCount":13933}],{"@type":"InteractionCounter","@id":"https:\/\/www.youtube.com\/watch?v=g_pdV9w6l7s#VideoObject_interactionStatistic_LikeAction","interactionType":{"@type":"LikeAction"},"userInteractionCount":49}]},{"@context":"http:\/\/schema.org\/","@type":"VideoObject","@id":"https:\/\/www.youtube.com\/watch?v=1-ck9TZj7PY#VideoObject","contentUrl":"https:\/\/www.youtube.com\/watch?v=1-ck9TZj7PY","name":"La Vie en Rose - Thalia","description":"Si a alguien no le gusta es te video, porfa, cambie de p\u00e1gina y ahorrese la molestia. Me gusta  la musicalizacion ( por favor, no la comparen con la version de Grace Jones, pues \u00e9sta es rumba, y la otra es un ritmo brasile\u00f1o ), la voz de thalia no me atrae mucho y he de confesar q su frances en este video no es muy bueno  pero la escenificacion y la actuaci\u00f3n de los personajes  me parece buen\u00edsima, por ello me gusta el video.Por lo demas, disfrutenlo XD","thumbnailUrl":["https:\/\/i.ytimg.com\/vi\/1-ck9TZj7PY\/default.jpg","https:\/\/i.ytimg.com\/vi\/1-ck9TZj7PY\/mqdefault.jpg","https:\/\/i.ytimg.com\/vi\/1-ck9TZj7PY\/hqdefault.jpg"],"uploadDate":"2007-12-07T23:56:06+00:00","duration":"PT5M4S","embedUrl":"https:\/\/www.youtube.com\/embed\/1-ck9TZj7PY","publisher":{"@type":"Organization","@id":"https:\/\/www.youtube.com\/channel\/UC66CgIxagzMv3GS_iqWi6wA#Organization","url":"https:\/\/www.youtube.com\/channel\/UC66CgIxagzMv3GS_iqWi6wA","name":"lexbari","description":"Aqui hay de todo un poco... y si no hay, no desesperen q ya habr\u00e1...","logo":{"url":"https:\/\/yt3.ggpht.com\/ytc\/AIdro_m8YvHWbmdcssADywggLqrGKlksdm_QLc1sduxTki0Hrr8=s800-c-k-c0x00ffffff-no-rj","width":800,"height":800,"@type":"ImageObject","@id":"https:\/\/www.youtube.com\/watch?v=1-ck9TZj7PY#VideoObject_publisher_logo_ImageObject"}},"potentialAction":{"@type":"SeekToAction","@id":"https:\/\/www.youtube.com\/watch?v=1-ck9TZj7PY#VideoObject_potentialAction","target":"https:\/\/www.youtube.com\/watch?v=1-ck9TZj7PY&t={seek_to_second_number}","startOffset-input":"required name=seek_to_second_number"},"interactionStatistic":[[{"@type":"InteractionCounter","@id":"https:\/\/www.youtube.com\/watch?v=1-ck9TZj7PY#VideoObject_interactionStatistic_WatchAction","interactionType":{"@type":"WatchAction"},"userInteractionCount":196757}],{"@type":"InteractionCounter","@id":"https:\/\/www.youtube.com\/watch?v=1-ck9TZj7PY#VideoObject_interactionStatistic_LikeAction","interactionType":{"@type":"LikeAction"},"userInteractionCount":333}]}],"about":["Gran Canaria"],"wordCount":853},{"@context":"https:\/\/schema.org\/","@type":"BreadcrumbList","itemListElement":[{"@type":"ListItem","position":1,"name":"Gran Canaria","item":"https:\/\/www.canariasconfidencial.com\/gran-canaria\/#breadcrumbitem"},{"@type":"ListItem","position":2,"name":"M\u00fasica: La vie en rose","item":"https:\/\/www.canariasconfidencial.com\/gran-canaria\/musica-la-vie-en-rose\/#breadcrumbitem"}]}]