[{"@context":"https:\/\/schema.org\/","@type":"BlogPosting","@id":"https:\/\/www.canariasconfidencial.com\/gran-canaria\/noche-de-folias-en-la-plaza-de-santiago-de-galdar\/#BlogPosting","mainEntityOfPage":"https:\/\/www.canariasconfidencial.com\/gran-canaria\/noche-de-folias-en-la-plaza-de-santiago-de-galdar\/","headline":"Noche de fol\u00edas en la plaza de Santiago de G\u00e1ldar","name":"Noche de fol\u00edas en la plaza de Santiago de G\u00e1ldar","description":"Una nueva edici&oacute;n de la popular Noche de Fol&iacute;as se acerca a las fiestas patronales galdenses para volver a impregnar con los acordes de este antiqu&iacute;simo aire tradicional la fronda de la hist&oacute;rica Plaza de Santiago. El que anta&ntilde;o fuera solar de la Corte de los Guanartemes se convertir&aacute; nuevamente en el escenario ideal para [&hellip;]","datePublished":"2016-07-14","dateModified":"2016-07-14","author":{"@type":"Person","@id":"https:\/\/www.canariasconfidencial.com\/author\/admin\/#Person","name":"Canarias Confidencial","url":"https:\/\/www.canariasconfidencial.com\/author\/admin\/","image":{"@type":"ImageObject","@id":"https:\/\/secure.gravatar.com\/avatar\/44ad1b7f51be99230dbaef835819598e?s=96&d=mm&r=g","url":"https:\/\/secure.gravatar.com\/avatar\/44ad1b7f51be99230dbaef835819598e?s=96&d=mm&r=g","height":96,"width":96}},"publisher":{"@type":"Organization","name":"Canarias Confidencial","logo":{"@type":"ImageObject","@id":"https:\/\/www.canariasconfidencial.com\/wp-content\/uploads\/2018\/07\/Canarias-Confidencial-1.png","url":"https:\/\/www.canariasconfidencial.com\/wp-content\/uploads\/2018\/07\/Canarias-Confidencial-1.png","width":600,"height":100}},"image":{"@type":"ImageObject","@id":"http:\/\/www.infonortedigital.com\/portada\/images\/noticias\/Galdar2015\/galdar2016\/foliasjulio16.jpg","url":"http:\/\/www.infonortedigital.com\/portada\/images\/noticias\/Galdar2015\/galdar2016\/foliasjulio16.jpg","height":"","width":""},"url":"https:\/\/www.canariasconfidencial.com\/gran-canaria\/noche-de-folias-en-la-plaza-de-santiago-de-galdar\/","about":["Gran Canaria"],"wordCount":462},{"@context":"https:\/\/schema.org\/","@type":"BreadcrumbList","itemListElement":[{"@type":"ListItem","position":1,"name":"Gran Canaria","item":"https:\/\/www.canariasconfidencial.com\/gran-canaria\/#breadcrumbitem"},{"@type":"ListItem","position":2,"name":"Noche de fol\u00edas en la plaza de Santiago de G\u00e1ldar","item":"https:\/\/www.canariasconfidencial.com\/gran-canaria\/noche-de-folias-en-la-plaza-de-santiago-de-galdar\/#breadcrumbitem"}]}]