[{"@context":"https:\/\/schema.org\/","@type":"BlogPosting","@id":"https:\/\/www.canariasconfidencial.com\/gran-canaria\/nuestra-identidad-es-mi-union-deportiva-las-palmas\/#BlogPosting","mainEntityOfPage":"https:\/\/www.canariasconfidencial.com\/gran-canaria\/nuestra-identidad-es-mi-union-deportiva-las-palmas\/","headline":"Nuestra identidad: Es mi uni\u00f3n deportiva Las Palmas","name":"Nuestra identidad: Es mi uni\u00f3n deportiva Las Palmas","description":"Canci&oacute;n del cantante y compositor canario Juan Carlos Sierra dedicada a la Uni&oacute;n Deportiva Las Palmas. Haz clic en la foto para ver el v&iacute;deo y la letra&nbsp; &nbsp; Dicen los cronistas de la historia&nbsp; que por el 49 un equipo se fund&oacute;&nbsp; fruto de la uni&oacute;n de 5 grandes&nbsp; sin saber&nbsp; que nacer&iacute;a para&nbsp; [&hellip;]","datePublished":"2015-10-03","dateModified":"2015-10-03","author":{"@type":"Person","@id":"https:\/\/www.canariasconfidencial.com\/author\/admin\/#Person","name":"Canarias Confidencial","url":"https:\/\/www.canariasconfidencial.com\/author\/admin\/","image":{"@type":"ImageObject","@id":"https:\/\/secure.gravatar.com\/avatar\/44ad1b7f51be99230dbaef835819598e?s=96&d=mm&r=g","url":"https:\/\/secure.gravatar.com\/avatar\/44ad1b7f51be99230dbaef835819598e?s=96&d=mm&r=g","height":96,"width":96}},"publisher":{"@type":"Organization","name":"Canarias Confidencial","logo":{"@type":"ImageObject","@id":"https:\/\/www.canariasconfidencial.com\/wp-content\/uploads\/2018\/07\/Canarias-Confidencial-1.png","url":"https:\/\/www.canariasconfidencial.com\/wp-content\/uploads\/2018\/07\/Canarias-Confidencial-1.png","width":600,"height":100}},"image":{"@type":"ImageObject","@id":"http:\/\/www.ucarecdn.com\/f5a5649d-7da1-4dad-82ee-8baff9936fa2\/-\/crop\/600x312\/0,57\/-\/preview\/","url":"http:\/\/www.ucarecdn.com\/f5a5649d-7da1-4dad-82ee-8baff9936fa2\/-\/crop\/600x312\/0,57\/-\/preview\/","height":"","width":""},"url":"https:\/\/www.canariasconfidencial.com\/gran-canaria\/nuestra-identidad-es-mi-union-deportiva-las-palmas\/","video":{"@context":"http:\/\/schema.org\/","@type":"VideoObject","@id":"https:\/\/www.youtube.com\/watch?v=_DwrVMf8hJo#VideoObject","contentUrl":"https:\/\/www.youtube.com\/watch?v=_DwrVMf8hJo","name":"Es mi U.D. Las Palmas - Juan Carlos Sierra (Subtitulado)","description":"Canci\u00f3n del cantante y compositor canario Juan Carlos Sierra dedicada a la Uni\u00f3n Deportiva Las Palmas. Video realizado por Matulero UD Videos. Subtitulado con la letra de la canci\u00f3n.","thumbnailUrl":["https:\/\/i.ytimg.com\/vi\/_DwrVMf8hJo\/default.jpg","https:\/\/i.ytimg.com\/vi\/_DwrVMf8hJo\/mqdefault.jpg","https:\/\/i.ytimg.com\/vi\/_DwrVMf8hJo\/hqdefault.jpg","https:\/\/i.ytimg.com\/vi\/_DwrVMf8hJo\/sddefault.jpg","https:\/\/i.ytimg.com\/vi\/_DwrVMf8hJo\/maxresdefault.jpg"],"uploadDate":"2013-07-15T09:33:04+00:00","duration":"PT5M3S","embedUrl":"https:\/\/www.youtube.com\/embed\/_DwrVMf8hJo","publisher":{"@type":"Organization","@id":"https:\/\/www.youtube.com\/channel\/UC4TInGcua2SymqCJeVbS5TQ#Organization","url":"https:\/\/www.youtube.com\/channel\/UC4TInGcua2SymqCJeVbS5TQ","name":"jucasica","description":"","logo":{"url":"https:\/\/yt3.ggpht.com\/ytc\/AIdro_k6IuTDXxRWMipzMBJU2yUeBI8gjkpmlIFy3poNVWE=s800-c-k-c0x00ffffff-no-rj","width":800,"height":800,"@type":"ImageObject","@id":"https:\/\/www.youtube.com\/watch?v=_DwrVMf8hJo#VideoObject_publisher_logo_ImageObject"}},"potentialAction":{"@type":"SeekToAction","@id":"https:\/\/www.youtube.com\/watch?v=_DwrVMf8hJo#VideoObject_potentialAction","target":"https:\/\/www.youtube.com\/watch?v=_DwrVMf8hJo&t={seek_to_second_number}","startOffset-input":"required name=seek_to_second_number"},"interactionStatistic":[[{"@type":"InteractionCounter","@id":"https:\/\/www.youtube.com\/watch?v=_DwrVMf8hJo#VideoObject_interactionStatistic_WatchAction","interactionType":{"@type":"WatchAction"},"userInteractionCount":65789}],{"@type":"InteractionCounter","@id":"https:\/\/www.youtube.com\/watch?v=_DwrVMf8hJo#VideoObject_interactionStatistic_LikeAction","interactionType":{"@type":"LikeAction"},"userInteractionCount":531}]},"about":["Gran Canaria"],"wordCount":628},{"@context":"https:\/\/schema.org\/","@type":"BreadcrumbList","itemListElement":[{"@type":"ListItem","position":1,"name":"Gran Canaria","item":"https:\/\/www.canariasconfidencial.com\/gran-canaria\/#breadcrumbitem"},{"@type":"ListItem","position":2,"name":"Nuestra identidad: Es mi uni\u00f3n deportiva Las Palmas","item":"https:\/\/www.canariasconfidencial.com\/gran-canaria\/nuestra-identidad-es-mi-union-deportiva-las-palmas\/#breadcrumbitem"}]}]