[{"@context":"https:\/\/schema.org\/","@type":"BlogPosting","@id":"https:\/\/www.canariasconfidencial.com\/gran-canaria\/orla-de-ciclos-de-formacion-profesional-del-ies-santa-maria-de-guia\/#BlogPosting","mainEntityOfPage":"https:\/\/www.canariasconfidencial.com\/gran-canaria\/orla-de-ciclos-de-formacion-profesional-del-ies-santa-maria-de-guia\/","headline":"Orla de ciclos de Formaci\u00f3n Profesional del IES Santa Mar\u00eda de Gu\u00eda","name":"Orla de ciclos de Formaci\u00f3n Profesional del IES Santa Mar\u00eda de Gu\u00eda","description":"El viernes 23 de junio, en el teatro Hesp&eacute;rides de Gu&iacute;a, en una jornada maratoniana con dos sesiones para dar cabida a todos los estudios del centro, y con gran esfuerzo y dedicaci&oacute;n por parte de la Vicedirecci&oacute;n, que ocupa la profesora Do&ntilde;a Rosa Hern&aacute;ndez Reyes, se han cerrado las ceremonias orla de este curso [&hellip;]","datePublished":"2017-06-26","dateModified":"2017-06-26","author":{"@type":"Person","@id":"https:\/\/www.canariasconfidencial.com\/author\/admin\/#Person","name":"Canarias Confidencial","url":"https:\/\/www.canariasconfidencial.com\/author\/admin\/","image":{"@type":"ImageObject","@id":"https:\/\/secure.gravatar.com\/avatar\/44ad1b7f51be99230dbaef835819598e?s=96&d=mm&r=g","url":"https:\/\/secure.gravatar.com\/avatar\/44ad1b7f51be99230dbaef835819598e?s=96&d=mm&r=g","height":96,"width":96}},"publisher":{"@type":"Organization","name":"Canarias Confidencial","logo":{"@type":"ImageObject","@id":"https:\/\/www.canariasconfidencial.com\/wp-content\/uploads\/2018\/07\/Canarias-Confidencial-1.png","url":"https:\/\/www.canariasconfidencial.com\/wp-content\/uploads\/2018\/07\/Canarias-Confidencial-1.png","width":600,"height":100}},"image":{"@type":"ImageObject","@id":"http:\/\/www.infonortedigital.com\/portada\/images\/noticias\/Guia2015\/Guia_2017\/Alumnado_y_profesorado_de_Cuidados_Auxiliares_de_Enfermer%C3%ADa.jpg","url":"http:\/\/www.infonortedigital.com\/portada\/images\/noticias\/Guia2015\/Guia_2017\/Alumnado_y_profesorado_de_Cuidados_Auxiliares_de_Enfermer%C3%ADa.jpg","height":"","width":""},"url":"https:\/\/www.canariasconfidencial.com\/gran-canaria\/orla-de-ciclos-de-formacion-profesional-del-ies-santa-maria-de-guia\/","about":["Gran Canaria"],"wordCount":807},{"@context":"https:\/\/schema.org\/","@type":"BreadcrumbList","itemListElement":[{"@type":"ListItem","position":1,"name":"Gran Canaria","item":"https:\/\/www.canariasconfidencial.com\/gran-canaria\/#breadcrumbitem"},{"@type":"ListItem","position":2,"name":"Orla de ciclos de Formaci\u00f3n Profesional del IES Santa Mar\u00eda de Gu\u00eda","item":"https:\/\/www.canariasconfidencial.com\/gran-canaria\/orla-de-ciclos-de-formacion-profesional-del-ies-santa-maria-de-guia\/#breadcrumbitem"}]}]