[{"@context":"https:\/\/schema.org\/","@type":"BlogPosting","@id":"https:\/\/www.canariasconfidencial.com\/gran-canaria\/paris-estamos-contigo-todos-somos-paris\/#BlogPosting","mainEntityOfPage":"https:\/\/www.canariasconfidencial.com\/gran-canaria\/paris-estamos-contigo-todos-somos-paris\/","headline":"PARIS: ESTAMOS CONTIGO. TODOS SOMOS PARIS","name":"PARIS: ESTAMOS CONTIGO. TODOS SOMOS PARIS","description":"&nbsp; Related posts:El Pleno aprueba la propuesta municipal para destinar el PCA 2016-2019 a obras de saneamiento en los...Juntos por Gu\u00eda organiza un taller de elaboraci\u00f3n de bolas de confetiEl instituto de Moya inaugura su aula \"La Selva de Doramas\"","datePublished":"2015-11-14","dateModified":"2015-11-14","author":{"@type":"Person","@id":"https:\/\/www.canariasconfidencial.com\/author\/admin\/#Person","name":"Canarias Confidencial","url":"https:\/\/www.canariasconfidencial.com\/author\/admin\/","image":{"@type":"ImageObject","@id":"https:\/\/secure.gravatar.com\/avatar\/44ad1b7f51be99230dbaef835819598e?s=96&d=mm&r=g","url":"https:\/\/secure.gravatar.com\/avatar\/44ad1b7f51be99230dbaef835819598e?s=96&d=mm&r=g","height":96,"width":96}},"publisher":{"@type":"Organization","name":"Canarias Confidencial","logo":{"@type":"ImageObject","@id":"https:\/\/www.canariasconfidencial.com\/wp-content\/uploads\/2018\/07\/Canarias-Confidencial-1.png","url":"https:\/\/www.canariasconfidencial.com\/wp-content\/uploads\/2018\/07\/Canarias-Confidencial-1.png","width":600,"height":100}},"image":{"@type":"ImageObject","@id":"http:\/\/www.ucarecdn.com\/438a066d-018e-44f4-9fc3-32544a32b7d7\/-\/preview\/","url":"http:\/\/www.ucarecdn.com\/438a066d-018e-44f4-9fc3-32544a32b7d7\/-\/preview\/","height":"","width":""},"url":"https:\/\/www.canariasconfidencial.com\/gran-canaria\/paris-estamos-contigo-todos-somos-paris\/","video":{"@context":"http:\/\/schema.org\/","@type":"VideoObject","@id":"https:\/\/www.youtube.com\/watch?v=X1-vcsFjTdA#VideoObject","contentUrl":"https:\/\/www.youtube.com\/watch?v=X1-vcsFjTdA","name":"La Marseillaise (Subtitulado en franc\u00e9s y espa\u00f1ol)","description":"La Marsellesa, el himno de Francia y uno de los mayores cantos a la libertad, la democracia y el poder del pueblo. Interpretaci\u00f3n de \"David Zinman and the Baltimore Symphony Orchestra & Chorus\" Subt\u00edtulos en espa\u00f1ol y franc\u00e9s con famosas imagenes de la Revoluci\u00f3n Francesa intercaladas.","thumbnailUrl":["https:\/\/i.ytimg.com\/vi\/X1-vcsFjTdA\/default.jpg","https:\/\/i.ytimg.com\/vi\/X1-vcsFjTdA\/mqdefault.jpg","https:\/\/i.ytimg.com\/vi\/X1-vcsFjTdA\/hqdefault.jpg"],"uploadDate":"2006-05-12T19:59:05+00:00","duration":"PT9M4S","embedUrl":"https:\/\/www.youtube.com\/embed\/X1-vcsFjTdA","publisher":{"@type":"Organization","@id":"https:\/\/www.youtube.com\/channel\/UCWRXBNlDg7gFG45A_k7NWbA#Organization","url":"https:\/\/www.youtube.com\/channel\/UCWRXBNlDg7gFG45A_k7NWbA","name":"cdiez88","description":"","logo":{"url":"https:\/\/yt3.ggpht.com\/ytc\/AIdro_mg-lg32_iitu2Gd480YKNBhRn4Ay0-SjuSWUJ-0uM=s800-c-k-c0x00ffffff-no-rj","width":800,"height":800,"@type":"ImageObject","@id":"https:\/\/www.youtube.com\/watch?v=X1-vcsFjTdA#VideoObject_publisher_logo_ImageObject"}},"potentialAction":{"@type":"SeekToAction","@id":"https:\/\/www.youtube.com\/watch?v=X1-vcsFjTdA#VideoObject_potentialAction","target":"https:\/\/www.youtube.com\/watch?v=X1-vcsFjTdA&t={seek_to_second_number}","startOffset-input":"required name=seek_to_second_number"},"interactionStatistic":[[{"@type":"InteractionCounter","@id":"https:\/\/www.youtube.com\/watch?v=X1-vcsFjTdA#VideoObject_interactionStatistic_WatchAction","interactionType":{"@type":"WatchAction"},"userInteractionCount":2553872}],{"@type":"InteractionCounter","@id":"https:\/\/www.youtube.com\/watch?v=X1-vcsFjTdA#VideoObject_interactionStatistic_LikeAction","interactionType":{"@type":"LikeAction"},"userInteractionCount":5089}]},"about":["Gran Canaria"],"wordCount":44},{"@context":"https:\/\/schema.org\/","@type":"BreadcrumbList","itemListElement":[{"@type":"ListItem","position":1,"name":"Gran Canaria","item":"https:\/\/www.canariasconfidencial.com\/gran-canaria\/#breadcrumbitem"},{"@type":"ListItem","position":2,"name":"PARIS: ESTAMOS CONTIGO. TODOS SOMOS PARIS","item":"https:\/\/www.canariasconfidencial.com\/gran-canaria\/paris-estamos-contigo-todos-somos-paris\/#breadcrumbitem"}]}]