[{"@context":"https:\/\/schema.org\/","@type":"BlogPosting","@id":"https:\/\/www.canariasconfidencial.com\/gran-canaria\/pasacalles-de-papaguevos-y-lucha-canaria-para-medio-centenar-de-jovenes-estudiantes-europeos\/#BlogPosting","mainEntityOfPage":"https:\/\/www.canariasconfidencial.com\/gran-canaria\/pasacalles-de-papaguevos-y-lucha-canaria-para-medio-centenar-de-jovenes-estudiantes-europeos\/","headline":"Pasacalles de Papag\u00fcevos y lucha canaria para medio centenar de j\u00f3venes estudiantes europeos","name":"Pasacalles de Papag\u00fcevos y lucha canaria para medio centenar de j\u00f3venes estudiantes europeos","description":"Related posts:La feria de ganado de Monta\u00f1a Alta abre la temporada en el norte grancanario\u201cEn Clave de Ja\u201d despide 2015 este viernes en el Auditorio de Teror con \u2018La \u00faltima noche\u2019 y los mejo...La XXVI Promoci\u00f3n del IES Doramas de Moya recibe su orla","datePublished":"2017-08-05","dateModified":"2017-08-05","author":{"@type":"Person","@id":"https:\/\/www.canariasconfidencial.com\/author\/admin\/#Person","name":"Canarias Confidencial","url":"https:\/\/www.canariasconfidencial.com\/author\/admin\/","image":{"@type":"ImageObject","@id":"https:\/\/secure.gravatar.com\/avatar\/44ad1b7f51be99230dbaef835819598e?s=96&d=mm&r=g","url":"https:\/\/secure.gravatar.com\/avatar\/44ad1b7f51be99230dbaef835819598e?s=96&d=mm&r=g","height":96,"width":96}},"publisher":{"@type":"Organization","name":"Canarias Confidencial","logo":{"@type":"ImageObject","@id":"https:\/\/www.canariasconfidencial.com\/wp-content\/uploads\/2018\/07\/Canarias-Confidencial-1.png","url":"https:\/\/www.canariasconfidencial.com\/wp-content\/uploads\/2018\/07\/Canarias-Confidencial-1.png","width":600,"height":100}},"image":{"@type":"ImageObject","@id":"http:\/\/www.infonortedigital.com\/portada\/images\/noticias\/Guia2015\/Guia_2017\/pasacalles.jpg","url":"http:\/\/www.infonortedigital.com\/portada\/images\/noticias\/Guia2015\/Guia_2017\/pasacalles.jpg","height":"","width":""},"url":"https:\/\/www.canariasconfidencial.com\/gran-canaria\/pasacalles-de-papaguevos-y-lucha-canaria-para-medio-centenar-de-jovenes-estudiantes-europeos\/","about":["Gran Canaria"],"wordCount":48},{"@context":"https:\/\/schema.org\/","@type":"BreadcrumbList","itemListElement":[{"@type":"ListItem","position":1,"name":"Gran Canaria","item":"https:\/\/www.canariasconfidencial.com\/gran-canaria\/#breadcrumbitem"},{"@type":"ListItem","position":2,"name":"Pasacalles de Papag\u00fcevos y lucha canaria para medio centenar de j\u00f3venes estudiantes europeos","item":"https:\/\/www.canariasconfidencial.com\/gran-canaria\/pasacalles-de-papaguevos-y-lucha-canaria-para-medio-centenar-de-jovenes-estudiantes-europeos\/#breadcrumbitem"}]}]