[{"@context":"https:\/\/schema.org\/","@type":"BlogPosting","@id":"https:\/\/www.canariasconfidencial.com\/gran-canaria\/pedro-rodriguez-espera-que-el-gobierno-canario-acepte-el-proyecto-de-restauracion-del-cenobio-de-valeron\/#BlogPosting","mainEntityOfPage":"https:\/\/www.canariasconfidencial.com\/gran-canaria\/pedro-rodriguez-espera-que-el-gobierno-canario-acepte-el-proyecto-de-restauracion-del-cenobio-de-valeron\/","headline":"Pedro Rodr\u00edguez espera que el Gobierno canario acepte el proyecto de restauraci\u00f3n del Cenobio de Valer\u00f3n","name":"Pedro Rodr\u00edguez espera que el Gobierno canario acepte el proyecto de restauraci\u00f3n del Cenobio de Valer\u00f3n","description":"El alcalde de Gu&iacute;a, Pedro Rodr&iacute;guez, espera que la Comisi&oacute;n elegida por el presidente del Gobierno de Canarias, Fernando Clavijo, acepte -dentro de las propuestas para este municipio- financiar el Proyecto de Restauraci&oacute;n y Accesibilidad al Cenobio de Valer&oacute;n que el Cabildo de Gran Canaria ha presentado al Fondo de Desarrollo de Canarias (Fdcan) financiado [&hellip;]","datePublished":"2016-11-07","dateModified":"2016-11-07","author":{"@type":"Person","@id":"https:\/\/www.canariasconfidencial.com\/author\/admin\/#Person","name":"Canarias Confidencial","url":"https:\/\/www.canariasconfidencial.com\/author\/admin\/","image":{"@type":"ImageObject","@id":"https:\/\/secure.gravatar.com\/avatar\/44ad1b7f51be99230dbaef835819598e?s=96&d=mm&r=g","url":"https:\/\/secure.gravatar.com\/avatar\/44ad1b7f51be99230dbaef835819598e?s=96&d=mm&r=g","height":96,"width":96}},"publisher":{"@type":"Organization","name":"Canarias Confidencial","logo":{"@type":"ImageObject","@id":"https:\/\/www.canariasconfidencial.com\/wp-content\/uploads\/2018\/07\/Canarias-Confidencial-1.png","url":"https:\/\/www.canariasconfidencial.com\/wp-content\/uploads\/2018\/07\/Canarias-Confidencial-1.png","width":600,"height":100}},"image":{"@type":"ImageObject","@id":"http:\/\/www.infonortedigital.com\/portada\/images\/noticias\/Guia\/cenobio_valeron98.jpg","url":"http:\/\/www.infonortedigital.com\/portada\/images\/noticias\/Guia\/cenobio_valeron98.jpg","height":"","width":""},"url":"https:\/\/www.canariasconfidencial.com\/gran-canaria\/pedro-rodriguez-espera-que-el-gobierno-canario-acepte-el-proyecto-de-restauracion-del-cenobio-de-valeron\/","about":["Gran Canaria"],"wordCount":326},{"@context":"https:\/\/schema.org\/","@type":"BreadcrumbList","itemListElement":[{"@type":"ListItem","position":1,"name":"Gran Canaria","item":"https:\/\/www.canariasconfidencial.com\/gran-canaria\/#breadcrumbitem"},{"@type":"ListItem","position":2,"name":"Pedro Rodr\u00edguez espera que el Gobierno canario acepte el proyecto de restauraci\u00f3n del Cenobio de Valer\u00f3n","item":"https:\/\/www.canariasconfidencial.com\/gran-canaria\/pedro-rodriguez-espera-que-el-gobierno-canario-acepte-el-proyecto-de-restauracion-del-cenobio-de-valeron\/#breadcrumbitem"}]}]