[{"@context":"https:\/\/schema.org\/","@type":"BlogPosting","@id":"https:\/\/www.canariasconfidencial.com\/gran-canaria\/pedro-rodriguez-tenemos-el-deber-de-luchar-juntos_-con-fuerza-y-decision-video\/#BlogPosting","mainEntityOfPage":"https:\/\/www.canariasconfidencial.com\/gran-canaria\/pedro-rodriguez-tenemos-el-deber-de-luchar-juntos_-con-fuerza-y-decision-video\/","headline":"Pedro Rodr\u00edguez : \u201ctenemos el deber de luchar juntos, con fuerza y decisi\u00f3n\u201d (V\u00eddeo)","name":"Pedro Rodr\u00edguez : \u201ctenemos el deber de luchar juntos, con fuerza y decisi\u00f3n\u201d (V\u00eddeo)","description":"Related posts:Tal d\u00eda como hoy (15\/02\/1564): naci\u00f3 Galileo GalileiConexiones de guaguas con la Villa de Moya con motivo de la romer\u00eda de San Antonio de Padua.El Cabildo de Gran Canaria licita la incorporaci\u00f3n de 9 veh\u00edculos el\u00e9ctricos e h\u00edbridos a su parque ...","datePublished":"2017-01-11","dateModified":"2017-01-11","author":{"@type":"Person","@id":"https:\/\/www.canariasconfidencial.com\/author\/admin\/#Person","name":"Canarias Confidencial","url":"https:\/\/www.canariasconfidencial.com\/author\/admin\/","image":{"@type":"ImageObject","@id":"https:\/\/secure.gravatar.com\/avatar\/44ad1b7f51be99230dbaef835819598e?s=96&d=mm&r=g","url":"https:\/\/secure.gravatar.com\/avatar\/44ad1b7f51be99230dbaef835819598e?s=96&d=mm&r=g","height":96,"width":96}},"publisher":{"@type":"Organization","name":"Canarias Confidencial","logo":{"@type":"ImageObject","@id":"https:\/\/www.canariasconfidencial.com\/wp-content\/uploads\/2018\/07\/Canarias-Confidencial-1.png","url":"https:\/\/www.canariasconfidencial.com\/wp-content\/uploads\/2018\/07\/Canarias-Confidencial-1.png","width":600,"height":100}},"image":{"@type":"ImageObject","@id":"http:\/\/www.infonortedigital.com\/portada\/images\/noticias\/Guia2015\/Guia_2017\/pedropresidente.jpg","url":"http:\/\/www.infonortedigital.com\/portada\/images\/noticias\/Guia2015\/Guia_2017\/pedropresidente.jpg","height":"","width":""},"url":"https:\/\/www.canariasconfidencial.com\/gran-canaria\/pedro-rodriguez-tenemos-el-deber-de-luchar-juntos_-con-fuerza-y-decision-video\/","about":["Gran Canaria"],"wordCount":48},{"@context":"https:\/\/schema.org\/","@type":"BreadcrumbList","itemListElement":[{"@type":"ListItem","position":1,"name":"Gran Canaria","item":"https:\/\/www.canariasconfidencial.com\/gran-canaria\/#breadcrumbitem"},{"@type":"ListItem","position":2,"name":"Pedro Rodr\u00edguez : \u201ctenemos el deber de luchar juntos, con fuerza y decisi\u00f3n\u201d (V\u00eddeo)","item":"https:\/\/www.canariasconfidencial.com\/gran-canaria\/pedro-rodriguez-tenemos-el-deber-de-luchar-juntos_-con-fuerza-y-decision-video\/#breadcrumbitem"}]}]