[{"@context":"https:\/\/schema.org\/","@type":"BlogPosting","@id":"https:\/\/www.canariasconfidencial.com\/gran-canaria\/perfume-como-elegir-tu-perfume-1a-parte\/#BlogPosting","mainEntityOfPage":"https:\/\/www.canariasconfidencial.com\/gran-canaria\/perfume-como-elegir-tu-perfume-1a-parte\/","headline":"Perfume: C\u00f3mo elegir tu perfume (1\u00aa parte)","name":"Perfume: C\u00f3mo elegir tu perfume (1\u00aa parte)","description":"&nbsp; Related posts:Cultura en Gu\u00eda ofrece entradas a precios reducidos para La MentiraLa Villa de Moya celebra este S\u00e1bado romer\u00eda ofrenda en honor a San Antonio de Padua.La Feria Primavera Sur congrega en Maspalomas a 67 artesanos de Gran Canaria","datePublished":"2015-10-29","dateModified":"2015-10-29","author":{"@type":"Person","@id":"https:\/\/www.canariasconfidencial.com\/author\/admin\/#Person","name":"Canarias Confidencial","url":"https:\/\/www.canariasconfidencial.com\/author\/admin\/","image":{"@type":"ImageObject","@id":"https:\/\/secure.gravatar.com\/avatar\/44ad1b7f51be99230dbaef835819598e?s=96&d=mm&r=g","url":"https:\/\/secure.gravatar.com\/avatar\/44ad1b7f51be99230dbaef835819598e?s=96&d=mm&r=g","height":96,"width":96}},"publisher":{"@type":"Organization","name":"Canarias Confidencial","logo":{"@type":"ImageObject","@id":"https:\/\/www.canariasconfidencial.com\/wp-content\/uploads\/2018\/07\/Canarias-Confidencial-1.png","url":"https:\/\/www.canariasconfidencial.com\/wp-content\/uploads\/2018\/07\/Canarias-Confidencial-1.png","width":600,"height":100}},"image":{"@type":"ImageObject","@id":"http:\/\/www.ucarecdn.com\/d57c19a7-9ac7-4d9b-9255-7e120ba71238\/-\/preview\/","url":"http:\/\/www.ucarecdn.com\/d57c19a7-9ac7-4d9b-9255-7e120ba71238\/-\/preview\/","height":"","width":""},"url":"https:\/\/www.canariasconfidencial.com\/gran-canaria\/perfume-como-elegir-tu-perfume-1a-parte\/","about":["Gran Canaria"],"wordCount":44},{"@context":"https:\/\/schema.org\/","@type":"BreadcrumbList","itemListElement":[{"@type":"ListItem","position":1,"name":"Gran Canaria","item":"https:\/\/www.canariasconfidencial.com\/gran-canaria\/#breadcrumbitem"},{"@type":"ListItem","position":2,"name":"Perfume: C\u00f3mo elegir tu perfume (1\u00aa parte)","item":"https:\/\/www.canariasconfidencial.com\/gran-canaria\/perfume-como-elegir-tu-perfume-1a-parte\/#breadcrumbitem"}]}]