[{"@context":"https:\/\/schema.org\/","@type":"BlogPosting","@id":"https:\/\/www.canariasconfidencial.com\/gran-canaria\/poemas-4-alba-federico-garcia-lorca-espana\/#BlogPosting","mainEntityOfPage":"https:\/\/www.canariasconfidencial.com\/gran-canaria\/poemas-4-alba-federico-garcia-lorca-espana\/","headline":"Poemas (4): ALBA- Federico Garc\u00eda Lorca (Espa\u00f1a)","name":"Poemas (4): ALBA- Federico Garc\u00eda Lorca (Espa\u00f1a)","description":"1898-1936. 1898 El 5 de junio nace Federico Garc&iacute;a Lorca en Fuente Vaqueros, provincia de Granada, hijo de Federico Garc&iacute;a Rodr&iacute;guez y Vicenta Lorca Romero. Ser&aacute; el mayor de cuatro hermanos: Francisco, Concha e Isabel. 1908 Pasa unos meses en Almer&iacute;a, donde comienza sus estudios de &nbsp;bachillerato. Primeros estudios de m&uacute;sica. 1909 se traslada con [&hellip;]","datePublished":"2015-11-09","dateModified":"2015-11-09","author":{"@type":"Person","@id":"https:\/\/www.canariasconfidencial.com\/author\/admin\/#Person","name":"Canarias Confidencial","url":"https:\/\/www.canariasconfidencial.com\/author\/admin\/","image":{"@type":"ImageObject","@id":"https:\/\/secure.gravatar.com\/avatar\/44ad1b7f51be99230dbaef835819598e?s=96&d=mm&r=g","url":"https:\/\/secure.gravatar.com\/avatar\/44ad1b7f51be99230dbaef835819598e?s=96&d=mm&r=g","height":96,"width":96}},"publisher":{"@type":"Organization","name":"Canarias Confidencial","logo":{"@type":"ImageObject","@id":"https:\/\/www.canariasconfidencial.com\/wp-content\/uploads\/2018\/07\/Canarias-Confidencial-1.png","url":"https:\/\/www.canariasconfidencial.com\/wp-content\/uploads\/2018\/07\/Canarias-Confidencial-1.png","width":600,"height":100}},"image":{"@type":"ImageObject","@id":"http:\/\/www.ucarecdn.com\/56d7d21e-7fd1-40dc-bcf2-d970652cbe44\/-\/crop\/300x218\/0,51\/-\/preview\/","url":"http:\/\/www.ucarecdn.com\/56d7d21e-7fd1-40dc-bcf2-d970652cbe44\/-\/crop\/300x218\/0,51\/-\/preview\/","height":"","width":""},"url":"https:\/\/www.canariasconfidencial.com\/gran-canaria\/poemas-4-alba-federico-garcia-lorca-espana\/","about":["Gran Canaria"],"wordCount":392},{"@context":"https:\/\/schema.org\/","@type":"BreadcrumbList","itemListElement":[{"@type":"ListItem","position":1,"name":"Gran Canaria","item":"https:\/\/www.canariasconfidencial.com\/gran-canaria\/#breadcrumbitem"},{"@type":"ListItem","position":2,"name":"Poemas (4): ALBA- Federico Garc\u00eda Lorca (Espa\u00f1a)","item":"https:\/\/www.canariasconfidencial.com\/gran-canaria\/poemas-4-alba-federico-garcia-lorca-espana\/#breadcrumbitem"}]}]