[{"@context":"https:\/\/schema.org\/","@type":"BlogPosting","@id":"https:\/\/www.canariasconfidencial.com\/gran-canaria\/presentacion-de-actuaciones-previstas-en-materia-de-diversificacion-economica_-energias-limpias-y-el-idi-de-gran-canaria-43\/#BlogPosting","mainEntityOfPage":"https:\/\/www.canariasconfidencial.com\/gran-canaria\/presentacion-de-actuaciones-previstas-en-materia-de-diversificacion-economica_-energias-limpias-y-el-idi-de-gran-canaria-43\/","headline":"Presentaci\u00f3n de actuaciones previstas en materia de diversificaci\u00f3n econ\u00f3mica, energ\u00edas limpias y el I+D+i de Gran Canaria","name":"Presentaci\u00f3n de actuaciones previstas en materia de diversificaci\u00f3n econ\u00f3mica, energ\u00edas limpias y el I+D+i de Gran Canaria","description":"La creaci&oacute;n por el actual grupo de gobierno de esta nueva Consejer&iacute;a pone de manifiesto su preocupaci&oacute;n por cuestiones como las energ&iacute;as renovables y la innovaci&oacute;n, explic&oacute; Garc&iacute;a Brink, para quien la constituci&oacute;n del Consejo Insular de la Energ&iacute;a ser&aacute; &ldquo;uno de los hitos de este a&ntilde;o&rdquo;. La Sociedad de Promoci&oacute;n Econ&oacute;mica de Gran Canaria [&hellip;]","datePublished":"2016-02-03","dateModified":"2016-02-03","author":{"@type":"Person","@id":"https:\/\/www.canariasconfidencial.com\/author\/admin\/#Person","name":"Canarias Confidencial","url":"https:\/\/www.canariasconfidencial.com\/author\/admin\/","image":{"@type":"ImageObject","@id":"https:\/\/secure.gravatar.com\/avatar\/44ad1b7f51be99230dbaef835819598e?s=96&d=mm&r=g","url":"https:\/\/secure.gravatar.com\/avatar\/44ad1b7f51be99230dbaef835819598e?s=96&d=mm&r=g","height":96,"width":96}},"publisher":{"@type":"Organization","name":"Canarias Confidencial","logo":{"@type":"ImageObject","@id":"https:\/\/www.canariasconfidencial.com\/wp-content\/uploads\/2018\/07\/Canarias-Confidencial-1.png","url":"https:\/\/www.canariasconfidencial.com\/wp-content\/uploads\/2018\/07\/Canarias-Confidencial-1.png","width":600,"height":100}},"image":{"@type":"ImageObject","@id":"http:\/\/www.ucarecdn.com\/86b3a96f-442e-4cde-b98e-2e6953548b52\/-\/preview\/","url":"http:\/\/www.ucarecdn.com\/86b3a96f-442e-4cde-b98e-2e6953548b52\/-\/preview\/","height":"","width":""},"url":"https:\/\/www.canariasconfidencial.com\/gran-canaria\/presentacion-de-actuaciones-previstas-en-materia-de-diversificacion-economica_-energias-limpias-y-el-idi-de-gran-canaria-43\/","about":["Gran Canaria"],"wordCount":786},{"@context":"https:\/\/schema.org\/","@type":"BreadcrumbList","itemListElement":[{"@type":"ListItem","position":1,"name":"Gran Canaria","item":"https:\/\/www.canariasconfidencial.com\/gran-canaria\/#breadcrumbitem"},{"@type":"ListItem","position":2,"name":"Presentaci\u00f3n de actuaciones previstas en materia de diversificaci\u00f3n econ\u00f3mica, energ\u00edas limpias y el I+D+i de Gran Canaria","item":"https:\/\/www.canariasconfidencial.com\/gran-canaria\/presentacion-de-actuaciones-previstas-en-materia-de-diversificacion-economica_-energias-limpias-y-el-idi-de-gran-canaria-43\/#breadcrumbitem"}]}]