[{"@context":"https:\/\/schema.org\/","@type":"BlogPosting","@id":"https:\/\/www.canariasconfidencial.com\/gran-canaria\/presentacion-de-actuaciones-previstas-en-materia-de-diversificacion-economica_-energias-limpias-y-el-idi-de-gran-canaria-61\/#BlogPosting","mainEntityOfPage":"https:\/\/www.canariasconfidencial.com\/gran-canaria\/presentacion-de-actuaciones-previstas-en-materia-de-diversificacion-economica_-energias-limpias-y-el-idi-de-gran-canaria-61\/","headline":"Presentaci\u00f3n de actuaciones previstas en materia de diversificaci\u00f3n econ\u00f3mica, energ\u00edas limpias y el I+D+i de Gran Canaria","name":"Presentaci\u00f3n de actuaciones previstas en materia de diversificaci\u00f3n econ\u00f3mica, energ\u00edas limpias y el I+D+i de Gran Canaria","description":"&nbsp; &nbsp; El consejero de Desarrollo Econ&oacute;mico, Energ&iacute;a e I+D+i, Ra&uacute;l Garc&iacute;a Brink, present&oacute; este mi&eacute;rcoles las principales actuaciones previstas por su departamento, que contar&aacute; en 2016 con un presupuesto de m&aacute;s de 5,6 millones de euros para las &aacute;reas de Desarrollo Econ&oacute;mico e I+D+i y sus organismos aut&oacute;nomos SPEGC e Infecar. La creaci&oacute;n por [&hellip;]","datePublished":"2016-02-03","dateModified":"2016-02-03","author":{"@type":"Person","@id":"https:\/\/www.canariasconfidencial.com\/author\/admin\/#Person","name":"Canarias Confidencial","url":"https:\/\/www.canariasconfidencial.com\/author\/admin\/","image":{"@type":"ImageObject","@id":"https:\/\/secure.gravatar.com\/avatar\/44ad1b7f51be99230dbaef835819598e?s=96&d=mm&r=g","url":"https:\/\/secure.gravatar.com\/avatar\/44ad1b7f51be99230dbaef835819598e?s=96&d=mm&r=g","height":96,"width":96}},"publisher":{"@type":"Organization","name":"Canarias Confidencial","logo":{"@type":"ImageObject","@id":"https:\/\/www.canariasconfidencial.com\/wp-content\/uploads\/2018\/07\/Canarias-Confidencial-1.png","url":"https:\/\/www.canariasconfidencial.com\/wp-content\/uploads\/2018\/07\/Canarias-Confidencial-1.png","width":600,"height":100}},"image":{"@type":"ImageObject","@id":"http:\/\/www.ucarecdn.com\/c6026176-7857-44b1-9c10-423a37458d9a\/-\/preview\/","url":"http:\/\/www.ucarecdn.com\/c6026176-7857-44b1-9c10-423a37458d9a\/-\/preview\/","height":"","width":""},"url":"https:\/\/www.canariasconfidencial.com\/gran-canaria\/presentacion-de-actuaciones-previstas-en-materia-de-diversificacion-economica_-energias-limpias-y-el-idi-de-gran-canaria-61\/","about":["Gran Canaria"],"wordCount":872},{"@context":"https:\/\/schema.org\/","@type":"BreadcrumbList","itemListElement":[{"@type":"ListItem","position":1,"name":"Gran Canaria","item":"https:\/\/www.canariasconfidencial.com\/gran-canaria\/#breadcrumbitem"},{"@type":"ListItem","position":2,"name":"Presentaci\u00f3n de actuaciones previstas en materia de diversificaci\u00f3n econ\u00f3mica, energ\u00edas limpias y el I+D+i de Gran Canaria","item":"https:\/\/www.canariasconfidencial.com\/gran-canaria\/presentacion-de-actuaciones-previstas-en-materia-de-diversificacion-economica_-energias-limpias-y-el-idi-de-gran-canaria-61\/#breadcrumbitem"}]}]