[{"@context":"https:\/\/schema.org\/","@type":"BlogPosting","@id":"https:\/\/www.canariasconfidencial.com\/gran-canaria\/presentacion-de-la-imagen-de-la-virgen-de-la-vega-de-galdar_-tras-la-restauracion-acometida-por-el-cabildo-de-gran-canaria\/#BlogPosting","mainEntityOfPage":"https:\/\/www.canariasconfidencial.com\/gran-canaria\/presentacion-de-la-imagen-de-la-virgen-de-la-vega-de-galdar_-tras-la-restauracion-acometida-por-el-cabildo-de-gran-canaria\/","headline":"Presentaci\u00f3n de la imagen de la Virgen de la Vega de G\u00e1ldar, tras la restauraci\u00f3n acometida por el Cabildo de Gran Canaria","name":"Presentaci\u00f3n de la imagen de la Virgen de la Vega de G\u00e1ldar, tras la restauraci\u00f3n acometida por el Cabildo de Gran Canaria","description":"El consejero de Cultura del Cabildo de Gran Canaria, Carlos Ruiz, presenta junto al Alcalde de G&aacute;ldar, Teodoro Sosa, el resultado de la restauraci&oacute;n de la imagen de la Virgen de la Vega, acometida por el Servicio de Patrimonio Hist&oacute;rico del Cabildo. El acto, que tendr&aacute; lugar a las 19.30 horas en la Sala S&aacute;bor [&hellip;]","datePublished":"2016-02-25","dateModified":"2016-02-25","author":{"@type":"Person","@id":"https:\/\/www.canariasconfidencial.com\/author\/admin\/#Person","name":"Canarias Confidencial","url":"https:\/\/www.canariasconfidencial.com\/author\/admin\/","image":{"@type":"ImageObject","@id":"https:\/\/secure.gravatar.com\/avatar\/44ad1b7f51be99230dbaef835819598e?s=96&d=mm&r=g","url":"https:\/\/secure.gravatar.com\/avatar\/44ad1b7f51be99230dbaef835819598e?s=96&d=mm&r=g","height":96,"width":96}},"publisher":{"@type":"Organization","name":"Canarias Confidencial","logo":{"@type":"ImageObject","@id":"https:\/\/www.canariasconfidencial.com\/wp-content\/uploads\/2018\/07\/Canarias-Confidencial-1.png","url":"https:\/\/www.canariasconfidencial.com\/wp-content\/uploads\/2018\/07\/Canarias-Confidencial-1.png","width":600,"height":100}},"image":{"@type":"ImageObject","@id":"http:\/\/www.ucarecdn.com\/b953be9d-a2f6-405d-a063-b9a3a3ba4c17\/-\/preview\/","url":"http:\/\/www.ucarecdn.com\/b953be9d-a2f6-405d-a063-b9a3a3ba4c17\/-\/preview\/","height":"","width":""},"url":"https:\/\/www.canariasconfidencial.com\/gran-canaria\/presentacion-de-la-imagen-de-la-virgen-de-la-vega-de-galdar_-tras-la-restauracion-acometida-por-el-cabildo-de-gran-canaria\/","about":["Gran Canaria"],"wordCount":216},{"@context":"https:\/\/schema.org\/","@type":"BreadcrumbList","itemListElement":[{"@type":"ListItem","position":1,"name":"Gran Canaria","item":"https:\/\/www.canariasconfidencial.com\/gran-canaria\/#breadcrumbitem"},{"@type":"ListItem","position":2,"name":"Presentaci\u00f3n de la imagen de la Virgen de la Vega de G\u00e1ldar, tras la restauraci\u00f3n acometida por el Cabildo de Gran Canaria","item":"https:\/\/www.canariasconfidencial.com\/gran-canaria\/presentacion-de-la-imagen-de-la-virgen-de-la-vega-de-galdar_-tras-la-restauracion-acometida-por-el-cabildo-de-gran-canaria\/#breadcrumbitem"}]}]