[{"@context":"https:\/\/schema.org\/","@type":"BlogPosting","@id":"https:\/\/www.canariasconfidencial.com\/gran-canaria\/quique-setien-no-ha-faltado-la-pausa-y-la-serenidad-que-hemos-tenido-en-otros-partidos\/#BlogPosting","mainEntityOfPage":"https:\/\/www.canariasconfidencial.com\/gran-canaria\/quique-setien-no-ha-faltado-la-pausa-y-la-serenidad-que-hemos-tenido-en-otros-partidos\/","headline":"Quique Seti\u00e9n: &#171;No ha faltado la pausa y la serenidad que hemos tenido en otros partidos&#187;","name":"Quique Seti\u00e9n: &#171;No ha faltado la pausa y la serenidad que hemos tenido en otros partidos&#187;","description":"Valoraci&oacute;n del partido:&nbsp;&ldquo;Ha sido un partido muy complicado, porque no s&eacute; si restarnos m&eacute;ritos a nosotros o d&aacute;rselos al rival. Hoy el Sporting ha planteado partido de ida y vuelta, con dos puntas, con jugadores que nos ha interceptado l&iacute;neas de pase con un esfuerzo enorme. Esto ha convertido el partido en un ida y [&hellip;]","datePublished":"2016-04-17","dateModified":"2016-04-17","author":{"@type":"Person","@id":"https:\/\/www.canariasconfidencial.com\/author\/admin\/#Person","name":"Canarias Confidencial","url":"https:\/\/www.canariasconfidencial.com\/author\/admin\/","image":{"@type":"ImageObject","@id":"https:\/\/secure.gravatar.com\/avatar\/44ad1b7f51be99230dbaef835819598e?s=96&d=mm&r=g","url":"https:\/\/secure.gravatar.com\/avatar\/44ad1b7f51be99230dbaef835819598e?s=96&d=mm&r=g","height":96,"width":96}},"publisher":{"@type":"Organization","name":"Canarias Confidencial","logo":{"@type":"ImageObject","@id":"https:\/\/www.canariasconfidencial.com\/wp-content\/uploads\/2018\/07\/Canarias-Confidencial-1.png","url":"https:\/\/www.canariasconfidencial.com\/wp-content\/uploads\/2018\/07\/Canarias-Confidencial-1.png","width":600,"height":100}},"image":{"@type":"ImageObject","@id":"http:\/\/www.udlaspalmas.net\/wp-content\/2016\/04\/setien900-2-640x403.jpg","url":"http:\/\/www.udlaspalmas.net\/wp-content\/2016\/04\/setien900-2-640x403.jpg","height":"","width":""},"url":"https:\/\/www.canariasconfidencial.com\/gran-canaria\/quique-setien-no-ha-faltado-la-pausa-y-la-serenidad-que-hemos-tenido-en-otros-partidos\/","video":{"@context":"http:\/\/schema.org\/","@type":"VideoObject","@id":"https:\/\/www.youtube.com\/watch?v=6zTpsTzx6Aw#VideoObject","contentUrl":"https:\/\/www.youtube.com\/watch?v=6zTpsTzx6Aw","name":"Quique Seti\u00e9n: \"No ha faltado la pausa y la serenidad que hemos tenido en otros partidos\"","description":"Rueda de prensa de Quique Seti\u00e9n tras el UD Las Palmas (1-1) Sporting de Gij\u00f3n Suscr\u00edbete al canal oficial de LaLiga en HD | Subscribe to the Official Channel of LaLiga in High Definition | 16-04-2016 | J33 | LaLiga Quique Seti\u00e9n tras el UD Las Palmas (1-1) Sporting de Gij\u00f3n J33 Liga BBVA 2015\/2016 https:\/\/www.youtube.com\/playlist?list=PLKj1QUtwqLN_iOLf6Q1VLTKylUSvUOsp6\nLaCopa Live: Season pass http:\/\/bit.ly\/1OJk1XS or PPV http:\/\/bit.ly\/1jYP97l\nLaLiga on YouTube: http:\/\/goo.gl\/Cp0tC\nLaCopa on YouTube: http:\/\/bit.ly\/1P4ZriP\nLaLiga Adelante on YouTube: http:\/\/bit.ly\/1OvSXbi\nFacebook: https:\/\/www.facebook.com\/lfpoficial\nTwitter: https:\/\/twitter.com\/LaLiga\nInstagram: https:\/\/instagram.com\/laliga\nGoogle+: http:\/\/goo.gl\/46Py9","thumbnailUrl":["https:\/\/i.ytimg.com\/vi\/6zTpsTzx6Aw\/default.jpg","https:\/\/i.ytimg.com\/vi\/6zTpsTzx6Aw\/mqdefault.jpg","https:\/\/i.ytimg.com\/vi\/6zTpsTzx6Aw\/hqdefault.jpg","https:\/\/i.ytimg.com\/vi\/6zTpsTzx6Aw\/sddefault.jpg"],"uploadDate":"2016-04-16T19:14:48+00:00","duration":"PT11M23S","embedUrl":"https:\/\/www.youtube.com\/embed\/6zTpsTzx6Aw","publisher":{"@type":"Organization","@id":"https:\/\/www.youtube.com\/channel\/UCTv-XvfzLX3i4IGWAm4sbmA#Organization","url":"https:\/\/www.youtube.com\/channel\/UCTv-XvfzLX3i4IGWAm4sbmA","name":"LALIGA EA SPORTS","description":"\u26bd LA FUERZA DE NUESTRO F\u00daTBOL \u26bd\n\n","logo":{"url":"https:\/\/yt3.ggpht.com\/0-5pHn7PHNOX4RryV1zLbnsWjOi1sTPQ0O7VyVR70TERUhtz67kZF1VeeUjjlhk40Y5HWn4GnQ=s800-c-k-c0x00ffffff-no-rj","width":800,"height":800,"@type":"ImageObject","@id":"https:\/\/www.youtube.com\/watch?v=6zTpsTzx6Aw#VideoObject_publisher_logo_ImageObject"}},"potentialAction":{"@type":"SeekToAction","@id":"https:\/\/www.youtube.com\/watch?v=6zTpsTzx6Aw#VideoObject_potentialAction","target":"https:\/\/www.youtube.com\/watch?v=6zTpsTzx6Aw&t={seek_to_second_number}","startOffset-input":"required name=seek_to_second_number"},"interactionStatistic":[[{"@type":"InteractionCounter","@id":"https:\/\/www.youtube.com\/watch?v=6zTpsTzx6Aw#VideoObject_interactionStatistic_WatchAction","interactionType":{"@type":"WatchAction"},"userInteractionCount":1768}],{"@type":"InteractionCounter","@id":"https:\/\/www.youtube.com\/watch?v=6zTpsTzx6Aw#VideoObject_interactionStatistic_LikeAction","interactionType":{"@type":"LikeAction"},"userInteractionCount":35}]},"about":["Gran Canaria"],"wordCount":924},{"@context":"https:\/\/schema.org\/","@type":"BreadcrumbList","itemListElement":[{"@type":"ListItem","position":1,"name":"Gran Canaria","item":"https:\/\/www.canariasconfidencial.com\/gran-canaria\/#breadcrumbitem"},{"@type":"ListItem","position":2,"name":"Quique Seti\u00e9n: &#171;No ha faltado la pausa y la serenidad que hemos tenido en otros partidos&#187;","item":"https:\/\/www.canariasconfidencial.com\/gran-canaria\/quique-setien-no-ha-faltado-la-pausa-y-la-serenidad-que-hemos-tenido-en-otros-partidos\/#breadcrumbitem"}]}]