[{"@context":"https:\/\/schema.org\/","@type":"BlogPosting","@id":"https:\/\/www.canariasconfidencial.com\/gran-canaria\/resiliencia\/#BlogPosting","mainEntityOfPage":"https:\/\/www.canariasconfidencial.com\/gran-canaria\/resiliencia\/","headline":"Resiliencia","name":"Resiliencia","description":"&nbsp; &nbsp; &nbsp; &nbsp; Resiliencia &nbsp; El concepto de resiliencia hace referencia: 1.- A&nbsp;la capacidad de afrontar la adversidad saliendo fortalecido y alcanzando un estado de excelencia profesional y personal. Desde la Neurociencia se considera que las personas m&aacute;s resilientes tienen mayor equilibrio emocional frente a las situaciones de estr&eacute;s, soportando mejor la presi&oacute;n. Esto [&hellip;]","datePublished":"2015-10-10","dateModified":"2015-10-10","author":{"@type":"Person","@id":"https:\/\/www.canariasconfidencial.com\/author\/admin\/#Person","name":"Canarias Confidencial","url":"https:\/\/www.canariasconfidencial.com\/author\/admin\/","image":{"@type":"ImageObject","@id":"https:\/\/secure.gravatar.com\/avatar\/44ad1b7f51be99230dbaef835819598e?s=96&d=mm&r=g","url":"https:\/\/secure.gravatar.com\/avatar\/44ad1b7f51be99230dbaef835819598e?s=96&d=mm&r=g","height":96,"width":96}},"publisher":{"@type":"Organization","name":"Canarias Confidencial","logo":{"@type":"ImageObject","@id":"https:\/\/www.canariasconfidencial.com\/wp-content\/uploads\/2018\/07\/Canarias-Confidencial-1.png","url":"https:\/\/www.canariasconfidencial.com\/wp-content\/uploads\/2018\/07\/Canarias-Confidencial-1.png","width":600,"height":100}},"image":{"@type":"ImageObject","@id":"http:\/\/www.ucarecdn.com\/eaa67bc1-c010-40f0-b335-8625e60444fc\/-\/preview\/","url":"http:\/\/www.ucarecdn.com\/eaa67bc1-c010-40f0-b335-8625e60444fc\/-\/preview\/","height":"","width":""},"url":"https:\/\/www.canariasconfidencial.com\/gran-canaria\/resiliencia\/","video":[null,{"@context":"http:\/\/schema.org\/","@type":"VideoObject","@id":"https:\/\/www.youtube.com\/watch?v=E_LnRk4wYco#VideoObject","contentUrl":"https:\/\/www.youtube.com\/watch?v=E_LnRk4wYco","name":"03-05-2013. RESILIENCIA: Conceptos de psicolog\u00eda positiva.","description":"RESILIENCIA: Conceptos de psicolog\u00eda positiva.\n\nPrograma de televisi\u00f3n.  \nFecha de emisi\u00f3n: 03-05-2013\n\nDuraci\u00f3n: 23' 15''\n\nResiliencia, hace referencia a una propiedad de los materiales por la cual un objeto el\u00e1stico, es decir un muelle o un resorte, que es sometido  a una presi\u00f3n o fuerza determinada, es capaz, de una vez que cesa dicha presi\u00f3n, recuperar su forma original.\n\nSi trasladamos este concepto al mundo de la Psicolog\u00eda y de las Ciencias Sociales, nos referimos a la capacidad que tienen las personas para resistir y recuperarse, ante circunstancias adversas, bien sean \u00e9stas de car\u00e1cter individual,  o psicosocial.\n\n\nParticipan: \n\nM\u00aa Pilar Bardera Mora, Doctora en Psicolog\u00eda y Coordinadora de Extensi\u00f3n Universitaria en el Centro Asociado de Madrid; \nJos\u00e9 Lu\u00eds Medina Amor, Dr. en Medicina, Especialista en Psiquiatr\u00eda. Profesor de la Universidad de Alcal\u00e1 de Henares; \nAmparo Osca Segovia, Profesora Titular del Dpto. de Psicolog\u00eda Social y de las Organizaciones. UNED; \nRafaela Santos, Doctora en Medicina, Especialista en Psiquiatr\u00eda. Presidenta del Instituto Espa\u00f1ol de la Resiliencia; \nEduardo Samper Lucena, Psic\u00f3logo especialista en Psicolog\u00eda Cl\u00ednica; \nM\u00f3nica Garc\u00eda Silgo.\n \n\nProducci\u00f3n y realizaci\u00f3n: CEMAV Para saber m\u00e1s:\nhttp:\/\/www.uned.es\nhttp:\/\/canal.uned.es","thumbnailUrl":["https:\/\/i.ytimg.com\/vi\/E_LnRk4wYco\/default.jpg","https:\/\/i.ytimg.com\/vi\/E_LnRk4wYco\/mqdefault.jpg","https:\/\/i.ytimg.com\/vi\/E_LnRk4wYco\/hqdefault.jpg","https:\/\/i.ytimg.com\/vi\/E_LnRk4wYco\/sddefault.jpg"],"uploadDate":"2013-05-06T09:31:16+00:00","duration":"PT23M16S","embedUrl":"https:\/\/www.youtube.com\/embed\/E_LnRk4wYco","publisher":{"@type":"Organization","@id":"https:\/\/www.youtube.com\/channel\/UCAQH04GK7-OfQC6nkzAucLw#Organization","url":"https:\/\/www.youtube.com\/channel\/UCAQH04GK7-OfQC6nkzAucLw","name":"UNED","description":"Canal de las emisiones audiovisuales producidas y relacionadas con la Universidad Nacional de Educaci\u00f3n a Distancia. UNED.","logo":{"url":"https:\/\/yt3.ggpht.com\/ytc\/AIdro_mDJuRDClPH1PdZ7Aqm0os-quhGLU8Id41W151POKezHg=s800-c-k-c0x00ffffff-no-rj","width":800,"height":800,"@type":"ImageObject","@id":"https:\/\/www.youtube.com\/watch?v=E_LnRk4wYco#VideoObject_publisher_logo_ImageObject"}},"potentialAction":{"@type":"SeekToAction","@id":"https:\/\/www.youtube.com\/watch?v=E_LnRk4wYco#VideoObject_potentialAction","target":"https:\/\/www.youtube.com\/watch?v=E_LnRk4wYco&t={seek_to_second_number}","startOffset-input":"required name=seek_to_second_number"},"interactionStatistic":[[{"@type":"InteractionCounter","@id":"https:\/\/www.youtube.com\/watch?v=E_LnRk4wYco#VideoObject_interactionStatistic_WatchAction","interactionType":{"@type":"WatchAction"},"userInteractionCount":265712}],{"@type":"InteractionCounter","@id":"https:\/\/www.youtube.com\/watch?v=E_LnRk4wYco#VideoObject_interactionStatistic_LikeAction","interactionType":{"@type":"LikeAction"},"userInteractionCount":1869}]}],"about":["Gran Canaria"],"wordCount":630},{"@context":"https:\/\/schema.org\/","@type":"BreadcrumbList","itemListElement":[{"@type":"ListItem","position":1,"name":"Gran Canaria","item":"https:\/\/www.canariasconfidencial.com\/gran-canaria\/#breadcrumbitem"},{"@type":"ListItem","position":2,"name":"Resiliencia","item":"https:\/\/www.canariasconfidencial.com\/gran-canaria\/resiliencia\/#breadcrumbitem"}]}]