[{"@context":"https:\/\/schema.org\/","@type":"BlogPosting","@id":"https:\/\/www.canariasconfidencial.com\/gran-canaria\/rueda-de-prensa-de-quique-setien-tras-el-sporting-de-gijon-3-1-ud-las-palmas\/#BlogPosting","mainEntityOfPage":"https:\/\/www.canariasconfidencial.com\/gran-canaria\/rueda-de-prensa-de-quique-setien-tras-el-sporting-de-gijon-3-1-ud-las-palmas\/","headline":"Rueda de prensa de Quique Seti\u00e9n tras el Sporting de Gij\u00f3n (3-1) UD Las Palmas","name":"Rueda de prensa de Quique Seti\u00e9n tras el Sporting de Gij\u00f3n (3-1) UD Las Palmas","description":"&nbsp; Valoraci&oacute;n del partido:&nbsp;&ldquo;El Sporting es un equipo muy intenso, muy r&aacute;pido en las transiciones. No nos ha sido f&aacute;cil controlarlo. En la primera parte hemos tenido algunas p&eacute;rdidas que sab&iacute;amso que no ten&iacute;an que producirse, lo que ha originado que se generaran los espacios y nos han generado peligro especialmente por la banda izquierda. [&hellip;]","datePublished":"2015-12-07","dateModified":"2015-12-07","author":{"@type":"Person","@id":"https:\/\/www.canariasconfidencial.com\/author\/admin\/#Person","name":"Canarias Confidencial","url":"https:\/\/www.canariasconfidencial.com\/author\/admin\/","image":{"@type":"ImageObject","@id":"https:\/\/secure.gravatar.com\/avatar\/44ad1b7f51be99230dbaef835819598e?s=96&d=mm&r=g","url":"https:\/\/secure.gravatar.com\/avatar\/44ad1b7f51be99230dbaef835819598e?s=96&d=mm&r=g","height":96,"width":96}},"publisher":{"@type":"Organization","name":"Canarias Confidencial","logo":{"@type":"ImageObject","@id":"https:\/\/www.canariasconfidencial.com\/wp-content\/uploads\/2018\/07\/Canarias-Confidencial-1.png","url":"https:\/\/www.canariasconfidencial.com\/wp-content\/uploads\/2018\/07\/Canarias-Confidencial-1.png","width":600,"height":100}},"image":{"@type":"ImageObject","@id":"http:\/\/www.ucarecdn.com\/f86ed65f-bfa6-4c36-8426-b97568a1283b\/-\/preview\/","url":"http:\/\/www.ucarecdn.com\/f86ed65f-bfa6-4c36-8426-b97568a1283b\/-\/preview\/","height":"","width":""},"url":"https:\/\/www.canariasconfidencial.com\/gran-canaria\/rueda-de-prensa-de-quique-setien-tras-el-sporting-de-gijon-3-1-ud-las-palmas\/","video":{"@context":"http:\/\/schema.org\/","@type":"VideoObject","@id":"https:\/\/www.youtube.com\/watch?v=a8dLbFZhNH0#VideoObject","contentUrl":"https:\/\/www.youtube.com\/watch?v=a8dLbFZhNH0","name":"Quique Seti\u00e9n: \"Tenemos que ser m\u00e1s contundentes\"","description":"Rueda de prensa de Quique Seti\u00e9n tras el Sporting de Gij\u00f3n (3-1) UD Las Palmas SUSCRIBETE AL MEJOR CANAL HD La Liga | 06-12-2015 | J14 | Liga BBVA 2015\/2016 Quique Seti\u00e9n tras el Sporting de Gij\u00f3n (3-1) UD Las Palmas https:\/\/www.youtube.com\/playlist?list=PLKj1QUtwqLN-REskUcqQi0wOnvmF6cYJz Youtube: http:\/\/goo.gl\/Cp0tC\n Facebook: https:\/\/www.facebook.com\/lfpoficial\n Twitter: https:\/\/twitter.com\/LaLiga\n    Instagram: https:\/\/instagram.com\/laliga\n Google+: http:\/\/goo.gl\/46Py9","thumbnailUrl":["https:\/\/i.ytimg.com\/vi\/a8dLbFZhNH0\/default.jpg","https:\/\/i.ytimg.com\/vi\/a8dLbFZhNH0\/mqdefault.jpg","https:\/\/i.ytimg.com\/vi\/a8dLbFZhNH0\/hqdefault.jpg","https:\/\/i.ytimg.com\/vi\/a8dLbFZhNH0\/sddefault.jpg"],"uploadDate":"2015-12-06T21:10:47+00:00","duration":"PT10M9S","embedUrl":"https:\/\/www.youtube.com\/embed\/a8dLbFZhNH0","publisher":{"@type":"Organization","@id":"https:\/\/www.youtube.com\/channel\/UCTv-XvfzLX3i4IGWAm4sbmA#Organization","url":"https:\/\/www.youtube.com\/channel\/UCTv-XvfzLX3i4IGWAm4sbmA","name":"LALIGA EA SPORTS","description":"\u26bd LA FUERZA DE NUESTRO F\u00daTBOL \u26bd\n\n","logo":{"url":"https:\/\/yt3.ggpht.com\/0-5pHn7PHNOX4RryV1zLbnsWjOi1sTPQ0O7VyVR70TERUhtz67kZF1VeeUjjlhk40Y5HWn4GnQ=s800-c-k-c0x00ffffff-no-rj","width":800,"height":800,"@type":"ImageObject","@id":"https:\/\/www.youtube.com\/watch?v=a8dLbFZhNH0#VideoObject_publisher_logo_ImageObject"}},"potentialAction":{"@type":"SeekToAction","@id":"https:\/\/www.youtube.com\/watch?v=a8dLbFZhNH0#VideoObject_potentialAction","target":"https:\/\/www.youtube.com\/watch?v=a8dLbFZhNH0&t={seek_to_second_number}","startOffset-input":"required name=seek_to_second_number"},"interactionStatistic":[[{"@type":"InteractionCounter","@id":"https:\/\/www.youtube.com\/watch?v=a8dLbFZhNH0#VideoObject_interactionStatistic_WatchAction","interactionType":{"@type":"WatchAction"},"userInteractionCount":988}],{"@type":"InteractionCounter","@id":"https:\/\/www.youtube.com\/watch?v=a8dLbFZhNH0#VideoObject_interactionStatistic_LikeAction","interactionType":{"@type":"LikeAction"},"userInteractionCount":5}]},"about":["Gran Canaria"],"wordCount":925},{"@context":"https:\/\/schema.org\/","@type":"BreadcrumbList","itemListElement":[{"@type":"ListItem","position":1,"name":"Gran Canaria","item":"https:\/\/www.canariasconfidencial.com\/gran-canaria\/#breadcrumbitem"},{"@type":"ListItem","position":2,"name":"Rueda de prensa de Quique Seti\u00e9n tras el Sporting de Gij\u00f3n (3-1) UD Las Palmas","item":"https:\/\/www.canariasconfidencial.com\/gran-canaria\/rueda-de-prensa-de-quique-setien-tras-el-sporting-de-gijon-3-1-ud-las-palmas\/#breadcrumbitem"}]}]