[{"@context":"https:\/\/schema.org\/","@type":"BlogPosting","@id":"https:\/\/www.canariasconfidencial.com\/gran-canaria\/rueda-de-prensa-de-quique-setien-tras-la-derrota-local-amarilla\/#BlogPosting","mainEntityOfPage":"https:\/\/www.canariasconfidencial.com\/gran-canaria\/rueda-de-prensa-de-quique-setien-tras-la-derrota-local-amarilla\/","headline":"Rueda de prensa de Quique Seti\u00e9n tras la derrota local amarilla","name":"Rueda de prensa de Quique Seti\u00e9n tras la derrota local amarilla","description":"&nbsp; &nbsp; Seti&eacute;n lamenta la falta de lucidez en el &uacute;ltimo pase y el remate, y destaca el gran trabajo entre l&iacute;neas del rival y su velocidad.&nbsp; An&aacute;lisis de la derrota.&nbsp;&ldquo;Las derrotas siempre duelen, tampoco hemos jugado bien. Hemos tenido momentos que s&iacute;, en otros no tanto. Nos hemos enfrentado a un equipo con las [&hellip;]","datePublished":"2015-11-29","dateModified":"2015-11-29","author":{"@type":"Person","@id":"https:\/\/www.canariasconfidencial.com\/author\/admin\/#Person","name":"Canarias Confidencial","url":"https:\/\/www.canariasconfidencial.com\/author\/admin\/","image":{"@type":"ImageObject","@id":"https:\/\/secure.gravatar.com\/avatar\/44ad1b7f51be99230dbaef835819598e?s=96&d=mm&r=g","url":"https:\/\/secure.gravatar.com\/avatar\/44ad1b7f51be99230dbaef835819598e?s=96&d=mm&r=g","height":96,"width":96}},"publisher":{"@type":"Organization","name":"Canarias Confidencial","logo":{"@type":"ImageObject","@id":"https:\/\/www.canariasconfidencial.com\/wp-content\/uploads\/2018\/07\/Canarias-Confidencial-1.png","url":"https:\/\/www.canariasconfidencial.com\/wp-content\/uploads\/2018\/07\/Canarias-Confidencial-1.png","width":600,"height":100}},"image":{"@type":"ImageObject","@id":"http:\/\/www.ucarecdn.com\/35eb43b7-e9fb-4a3f-a6f2-76499cf73cd8\/-\/preview\/","url":"http:\/\/www.ucarecdn.com\/35eb43b7-e9fb-4a3f-a6f2-76499cf73cd8\/-\/preview\/","height":"","width":""},"url":"https:\/\/www.canariasconfidencial.com\/gran-canaria\/rueda-de-prensa-de-quique-setien-tras-la-derrota-local-amarilla\/","video":{"@context":"http:\/\/schema.org\/","@type":"VideoObject","@id":"https:\/\/www.youtube.com\/watch?v=ooIIi8G9eTY#VideoObject","contentUrl":"https:\/\/www.youtube.com\/watch?v=ooIIi8G9eTY","name":"Rueda de prensa de Quique Seti\u00e9n tras el UD Las Palmas (0-2) Deportivo de la Coru\u00f1a","description":"Rueda de prensa de Quique Seti\u00e9n tras el UD Las Palmas (0-2) Deportivo de la Coru\u00f1a SUSCRIBETE AL MEJOR CANAL HD La Liga | 28-11-2015 | J13 | Liga BBVA 2015\/2016 Quique Seti\u00e9n tras el UD Las Palmas (0-2) Deportivo de la Coru\u00f1a https:\/\/www.youtube.com\/playlist?list=PLKj1QUtwqLN-AecDm7N5VshjvJUvm7s-O Youtube: http:\/\/goo.gl\/Cp0tC\n Facebook: https:\/\/www.facebook.com\/lfpoficial\n Twitter: https:\/\/twitter.com\/LaLiga\n    Instagram: https:\/\/instagram.com\/laliga\n Google+: http:\/\/goo.gl\/46Py9","thumbnailUrl":["https:\/\/i.ytimg.com\/vi\/ooIIi8G9eTY\/default.jpg","https:\/\/i.ytimg.com\/vi\/ooIIi8G9eTY\/mqdefault.jpg","https:\/\/i.ytimg.com\/vi\/ooIIi8G9eTY\/hqdefault.jpg","https:\/\/i.ytimg.com\/vi\/ooIIi8G9eTY\/sddefault.jpg"],"uploadDate":"2015-11-29T00:03:41+00:00","duration":"PT8M19S","embedUrl":"https:\/\/www.youtube.com\/embed\/ooIIi8G9eTY","publisher":{"@type":"Organization","@id":"https:\/\/www.youtube.com\/channel\/UCTv-XvfzLX3i4IGWAm4sbmA#Organization","url":"https:\/\/www.youtube.com\/channel\/UCTv-XvfzLX3i4IGWAm4sbmA","name":"LALIGA EA SPORTS","description":"\u26bd LA FUERZA DE NUESTRO F\u00daTBOL \u26bd\n\n","logo":{"url":"https:\/\/yt3.ggpht.com\/0-5pHn7PHNOX4RryV1zLbnsWjOi1sTPQ0O7VyVR70TERUhtz67kZF1VeeUjjlhk40Y5HWn4GnQ=s800-c-k-c0x00ffffff-no-rj","width":800,"height":800,"@type":"ImageObject","@id":"https:\/\/www.youtube.com\/watch?v=ooIIi8G9eTY#VideoObject_publisher_logo_ImageObject"}},"potentialAction":{"@type":"SeekToAction","@id":"https:\/\/www.youtube.com\/watch?v=ooIIi8G9eTY#VideoObject_potentialAction","target":"https:\/\/www.youtube.com\/watch?v=ooIIi8G9eTY&t={seek_to_second_number}","startOffset-input":"required name=seek_to_second_number"},"interactionStatistic":[[{"@type":"InteractionCounter","@id":"https:\/\/www.youtube.com\/watch?v=ooIIi8G9eTY#VideoObject_interactionStatistic_WatchAction","interactionType":{"@type":"WatchAction"},"userInteractionCount":1622}],{"@type":"InteractionCounter","@id":"https:\/\/www.youtube.com\/watch?v=ooIIi8G9eTY#VideoObject_interactionStatistic_LikeAction","interactionType":{"@type":"LikeAction"},"userInteractionCount":7}]},"about":["Gran Canaria"],"wordCount":483},{"@context":"https:\/\/schema.org\/","@type":"BreadcrumbList","itemListElement":[{"@type":"ListItem","position":1,"name":"Gran Canaria","item":"https:\/\/www.canariasconfidencial.com\/gran-canaria\/#breadcrumbitem"},{"@type":"ListItem","position":2,"name":"Rueda de prensa de Quique Seti\u00e9n tras la derrota local amarilla","item":"https:\/\/www.canariasconfidencial.com\/gran-canaria\/rueda-de-prensa-de-quique-setien-tras-la-derrota-local-amarilla\/#breadcrumbitem"}]}]