[{"@context":"https:\/\/schema.org\/","@type":"BlogPosting","@id":"https:\/\/www.canariasconfidencial.com\/gran-canaria\/sabes-gestionar-tus-emociones-redes-te-habla-del-tema\/#BlogPosting","mainEntityOfPage":"https:\/\/www.canariasconfidencial.com\/gran-canaria\/sabes-gestionar-tus-emociones-redes-te-habla-del-tema\/","headline":"\u00bfSabes gestionar tus emociones? REDES te habla del tema.","name":"\u00bfSabes gestionar tus emociones? REDES te habla del tema.","description":"&nbsp; &nbsp; &nbsp; &nbsp; Por fin estamos tomando conciencia de que hay vida antes de la muerte. En este programa especial de Redes, exploraremos junto a Eduard Punset algunas de las claves de lo aprendido en los &uacute;ltimos a&ntilde;os para encarar el gran desaf&iacute;o de difundir el aprendizaje social y emocional en todos los &aacute;mbitos [&hellip;]","datePublished":"2015-10-29","dateModified":"2015-10-29","author":{"@type":"Person","@id":"https:\/\/www.canariasconfidencial.com\/author\/admin\/#Person","name":"Canarias Confidencial","url":"https:\/\/www.canariasconfidencial.com\/author\/admin\/","image":{"@type":"ImageObject","@id":"https:\/\/secure.gravatar.com\/avatar\/44ad1b7f51be99230dbaef835819598e?s=96&d=mm&r=g","url":"https:\/\/secure.gravatar.com\/avatar\/44ad1b7f51be99230dbaef835819598e?s=96&d=mm&r=g","height":96,"width":96}},"publisher":{"@type":"Organization","name":"Canarias Confidencial","logo":{"@type":"ImageObject","@id":"https:\/\/www.canariasconfidencial.com\/wp-content\/uploads\/2018\/07\/Canarias-Confidencial-1.png","url":"https:\/\/www.canariasconfidencial.com\/wp-content\/uploads\/2018\/07\/Canarias-Confidencial-1.png","width":600,"height":100}},"image":{"@type":"ImageObject","@id":"http:\/\/www.ucarecdn.com\/08140f7d-2399-4f37-8efb-07fde62be556\/-\/preview\/","url":"http:\/\/www.ucarecdn.com\/08140f7d-2399-4f37-8efb-07fde62be556\/-\/preview\/","height":"","width":""},"url":"https:\/\/www.canariasconfidencial.com\/gran-canaria\/sabes-gestionar-tus-emociones-redes-te-habla-del-tema\/","video":{"@context":"http:\/\/schema.org\/","@type":"VideoObject","@id":"https:\/\/www.youtube.com\/watch?v=q-KkdMrAz-8#VideoObject","contentUrl":"https:\/\/www.youtube.com\/watch?v=q-KkdMrAz-8","name":"Redes 130: Aprender a gestionar las emociones - emociones","description":"Por fin estamos tomando conciencia de que hay vida antes de la muerte. En este programa especial de Redes, exploraremos junto a Eduard Punset algunas de las claves de lo aprendido en los \u00faltimos a\u00f1os para encarar el gran desaf\u00edo de difundir el aprendizaje social y emocional en todos los \u00e1mbitos de la sociedad. Y en su secci\u00f3n, Elsa Punset nos hablar\u00e1 sobre c\u00f3mo las emociones nos atraviesan desde los primeros a\u00f1os de vida y nos definen como personas.","thumbnailUrl":["https:\/\/i.ytimg.com\/vi\/q-KkdMrAz-8\/default.jpg","https:\/\/i.ytimg.com\/vi\/q-KkdMrAz-8\/mqdefault.jpg","https:\/\/i.ytimg.com\/vi\/q-KkdMrAz-8\/hqdefault.jpg","https:\/\/i.ytimg.com\/vi\/q-KkdMrAz-8\/sddefault.jpg"],"uploadDate":"2012-11-12T18:16:37+00:00","duration":"PT27M37S","embedUrl":"https:\/\/www.youtube.com\/embed\/q-KkdMrAz-8","publisher":{"@type":"Organization","@id":"https:\/\/www.youtube.com\/channel\/UCfYxJWTSRhP2rBNjbrfwuxg#Organization","url":"https:\/\/www.youtube.com\/channel\/UCfYxJWTSRhP2rBNjbrfwuxg","name":"Atr\u00e9vete a saber","description":"","logo":{"url":"https:\/\/yt3.ggpht.com\/ytc\/AIdro_lzQ3eOwyviiP22n5Xz-Zed_BP_TwqKSBP3ZUGCCXYPm9U=s800-c-k-c0x00ffffff-no-rj","width":800,"height":800,"@type":"ImageObject","@id":"https:\/\/www.youtube.com\/watch?v=q-KkdMrAz-8#VideoObject_publisher_logo_ImageObject"}},"potentialAction":{"@type":"SeekToAction","@id":"https:\/\/www.youtube.com\/watch?v=q-KkdMrAz-8#VideoObject_potentialAction","target":"https:\/\/www.youtube.com\/watch?v=q-KkdMrAz-8&t={seek_to_second_number}","startOffset-input":"required name=seek_to_second_number"},"interactionStatistic":[[{"@type":"InteractionCounter","@id":"https:\/\/www.youtube.com\/watch?v=q-KkdMrAz-8#VideoObject_interactionStatistic_WatchAction","interactionType":{"@type":"WatchAction"},"userInteractionCount":1636614}],{"@type":"InteractionCounter","@id":"https:\/\/www.youtube.com\/watch?v=q-KkdMrAz-8#VideoObject_interactionStatistic_LikeAction","interactionType":{"@type":"LikeAction"},"userInteractionCount":24859}]},"about":["Gran Canaria"],"wordCount":308},{"@context":"https:\/\/schema.org\/","@type":"BreadcrumbList","itemListElement":[{"@type":"ListItem","position":1,"name":"Gran Canaria","item":"https:\/\/www.canariasconfidencial.com\/gran-canaria\/#breadcrumbitem"},{"@type":"ListItem","position":2,"name":"\u00bfSabes gestionar tus emociones? REDES te habla del tema.","item":"https:\/\/www.canariasconfidencial.com\/gran-canaria\/sabes-gestionar-tus-emociones-redes-te-habla-del-tema\/#breadcrumbitem"}]}]