[{"@context":"https:\/\/schema.org\/","@type":"BlogPosting","@id":"https:\/\/www.canariasconfidencial.com\/gran-canaria\/santa-maria-de-guia-2016-la-universidad-fernando-pessoa-abrio-sus-puertas\/#BlogPosting","mainEntityOfPage":"https:\/\/www.canariasconfidencial.com\/gran-canaria\/santa-maria-de-guia-2016-la-universidad-fernando-pessoa-abrio-sus-puertas\/","headline":"Santa Mar\u00eda de Gu\u00eda 2016: La Universidad Fernando Pessoa abri\u00f3 sus puertas","name":"Santa Mar\u00eda de Gu\u00eda 2016: La Universidad Fernando Pessoa abri\u00f3 sus puertas","description":"Related posts:Entrevista a Rafael Alem\u00e1n. Director gerente del Restaurante La Corona de ArucasUna moci\u00f3n por la dr\u00e1stica disminuci\u00f3n de la financiaci\u00f3n del ITC, a votaci\u00f3n en el pleno del Cabild...Tal d\u00eda como hoy (08\/02\/1828): naci\u00f3 Julio Verne","datePublished":"2016-01-10","dateModified":"2016-01-10","author":{"@type":"Person","@id":"https:\/\/www.canariasconfidencial.com\/author\/admin\/#Person","name":"Canarias Confidencial","url":"https:\/\/www.canariasconfidencial.com\/author\/admin\/","image":{"@type":"ImageObject","@id":"https:\/\/secure.gravatar.com\/avatar\/44ad1b7f51be99230dbaef835819598e?s=96&d=mm&r=g","url":"https:\/\/secure.gravatar.com\/avatar\/44ad1b7f51be99230dbaef835819598e?s=96&d=mm&r=g","height":96,"width":96}},"publisher":{"@type":"Organization","name":"Canarias Confidencial","logo":{"@type":"ImageObject","@id":"https:\/\/www.canariasconfidencial.com\/wp-content\/uploads\/2018\/07\/Canarias-Confidencial-1.png","url":"https:\/\/www.canariasconfidencial.com\/wp-content\/uploads\/2018\/07\/Canarias-Confidencial-1.png","width":600,"height":100}},"image":{"@type":"ImageObject","@id":"http:\/\/www.infonortedigital.com\/portada\/images\/noticias\/Guia2015\/Guia_2016\/boticarias.jpg","url":"http:\/\/www.infonortedigital.com\/portada\/images\/noticias\/Guia2015\/Guia_2016\/boticarias.jpg","height":"","width":""},"url":"https:\/\/www.canariasconfidencial.com\/gran-canaria\/santa-maria-de-guia-2016-la-universidad-fernando-pessoa-abrio-sus-puertas\/","about":["Gran Canaria"],"wordCount":45},{"@context":"https:\/\/schema.org\/","@type":"BreadcrumbList","itemListElement":[{"@type":"ListItem","position":1,"name":"Gran Canaria","item":"https:\/\/www.canariasconfidencial.com\/gran-canaria\/#breadcrumbitem"},{"@type":"ListItem","position":2,"name":"Santa Mar\u00eda de Gu\u00eda 2016: La Universidad Fernando Pessoa abri\u00f3 sus puertas","item":"https:\/\/www.canariasconfidencial.com\/gran-canaria\/santa-maria-de-guia-2016-la-universidad-fernando-pessoa-abrio-sus-puertas\/#breadcrumbitem"}]}]