[{"@context":"https:\/\/schema.org\/","@type":"BlogPosting","@id":"https:\/\/www.canariasconfidencial.com\/gran-canaria\/santa-maria-de-guia-acogio-hoy-la-iii-carrera-popular-para-personas-con-discapacidad_-una-gran-fiesta-deportiva-y-de-inclusion-social\/#BlogPosting","mainEntityOfPage":"https:\/\/www.canariasconfidencial.com\/gran-canaria\/santa-maria-de-guia-acogio-hoy-la-iii-carrera-popular-para-personas-con-discapacidad_-una-gran-fiesta-deportiva-y-de-inclusion-social\/","headline":"SANTA MAR\u00cdA DE GU\u00cdA ACOGI\u00d3 HOY LA III CARRERA POPULAR PARA PERSONAS CON DISCAPACIDAD, UNA GRAN FIESTA DEPORTIVA Y DE INCLUSI\u00d3N SOCIAL","name":"SANTA MAR\u00cdA DE GU\u00cdA ACOGI\u00d3 HOY LA III CARRERA POPULAR PARA PERSONAS CON DISCAPACIDAD, UNA GRAN FIESTA DEPORTIVA Y DE INCLUSI\u00d3N SOCIAL","description":"&nbsp; El alcalde de Gu&iacute;a, Pedro Rodr&iacute;guez, junto a la concejala de Bienestar Social, Naiara del Pino, dieron la bienvenida a todos los participantes adem&aacute;s de agradecer la colaboraci&oacute;n de todas las entidades y voluntarios que participan en este evento. Junto a ellos estuvieron presentes tambi&eacute;n las concejalas de Servicios Sociales de G&aacute;ldar, Ana Teresa [&hellip;]","datePublished":"2016-05-17","dateModified":"2016-05-17","author":{"@type":"Person","@id":"https:\/\/www.canariasconfidencial.com\/author\/admin\/#Person","name":"Canarias Confidencial","url":"https:\/\/www.canariasconfidencial.com\/author\/admin\/","image":{"@type":"ImageObject","@id":"https:\/\/secure.gravatar.com\/avatar\/44ad1b7f51be99230dbaef835819598e?s=96&d=mm&r=g","url":"https:\/\/secure.gravatar.com\/avatar\/44ad1b7f51be99230dbaef835819598e?s=96&d=mm&r=g","height":96,"width":96}},"publisher":{"@type":"Organization","name":"Canarias Confidencial","logo":{"@type":"ImageObject","@id":"https:\/\/www.canariasconfidencial.com\/wp-content\/uploads\/2018\/07\/Canarias-Confidencial-1.png","url":"https:\/\/www.canariasconfidencial.com\/wp-content\/uploads\/2018\/07\/Canarias-Confidencial-1.png","width":600,"height":100}},"image":{"@type":"ImageObject","@id":"http:\/\/www.ucarecdn.com\/f0faa418-bbdd-4fd0-9348-6a1ed9e8fde9\/-\/preview\/","url":"http:\/\/www.ucarecdn.com\/f0faa418-bbdd-4fd0-9348-6a1ed9e8fde9\/-\/preview\/","height":"","width":""},"url":"https:\/\/www.canariasconfidencial.com\/gran-canaria\/santa-maria-de-guia-acogio-hoy-la-iii-carrera-popular-para-personas-con-discapacidad_-una-gran-fiesta-deportiva-y-de-inclusion-social\/","about":["Gran Canaria"],"wordCount":532},{"@context":"https:\/\/schema.org\/","@type":"BreadcrumbList","itemListElement":[{"@type":"ListItem","position":1,"name":"Gran Canaria","item":"https:\/\/www.canariasconfidencial.com\/gran-canaria\/#breadcrumbitem"},{"@type":"ListItem","position":2,"name":"SANTA MAR\u00cdA DE GU\u00cdA ACOGI\u00d3 HOY LA III CARRERA POPULAR PARA PERSONAS CON DISCAPACIDAD, UNA GRAN FIESTA DEPORTIVA Y DE INCLUSI\u00d3N SOCIAL","item":"https:\/\/www.canariasconfidencial.com\/gran-canaria\/santa-maria-de-guia-acogio-hoy-la-iii-carrera-popular-para-personas-con-discapacidad_-una-gran-fiesta-deportiva-y-de-inclusion-social\/#breadcrumbitem"}]}]