[{"@context":"https:\/\/schema.org\/","@type":"BlogPosting","@id":"https:\/\/www.canariasconfidencial.com\/gran-canaria\/santa-maria-de-guia-celebra-2a-dia-del-arbol-en-la-atalayita\/#BlogPosting","mainEntityOfPage":"https:\/\/www.canariasconfidencial.com\/gran-canaria\/santa-maria-de-guia-celebra-2a-dia-del-arbol-en-la-atalayita\/","headline":"Santa Mar\u00eda de Gu\u00eda celebra 2\u00aa D\u00eda del \u00c1rbol en &#171;LA ATALAYITA&#187;.","name":"Santa Mar\u00eda de Gu\u00eda celebra 2\u00aa D\u00eda del \u00c1rbol en &#171;LA ATALAYITA&#187;.","description":"&nbsp; Related posts:El Ayuntamiento de la Villa de Moya ya trabaja a destajo para que la V Circular Extrema Villa de Moy...El Cabildo de Gran Canaria colabora en la instrucci\u00f3n a la UME en quemas prescritasLa Cata de Vinos del Cabildo de Gran Canaria bate r\u00e9cord con m\u00e1s de 50 caldos a concurso","datePublished":"2015-12-12","dateModified":"2015-12-12","author":{"@type":"Person","@id":"https:\/\/www.canariasconfidencial.com\/author\/admin\/#Person","name":"Canarias Confidencial","url":"https:\/\/www.canariasconfidencial.com\/author\/admin\/","image":{"@type":"ImageObject","@id":"https:\/\/secure.gravatar.com\/avatar\/44ad1b7f51be99230dbaef835819598e?s=96&d=mm&r=g","url":"https:\/\/secure.gravatar.com\/avatar\/44ad1b7f51be99230dbaef835819598e?s=96&d=mm&r=g","height":96,"width":96}},"publisher":{"@type":"Organization","name":"Canarias Confidencial","logo":{"@type":"ImageObject","@id":"https:\/\/www.canariasconfidencial.com\/wp-content\/uploads\/2018\/07\/Canarias-Confidencial-1.png","url":"https:\/\/www.canariasconfidencial.com\/wp-content\/uploads\/2018\/07\/Canarias-Confidencial-1.png","width":600,"height":100}},"image":{"@type":"ImageObject","@id":"http:\/\/www.ucarecdn.com\/8306a057-35b6-4c3b-87cb-d88400de0533\/-\/preview\/","url":"http:\/\/www.ucarecdn.com\/8306a057-35b6-4c3b-87cb-d88400de0533\/-\/preview\/","height":"","width":""},"url":"https:\/\/www.canariasconfidencial.com\/gran-canaria\/santa-maria-de-guia-celebra-2a-dia-del-arbol-en-la-atalayita\/","about":["Gran Canaria"],"wordCount":57},{"@context":"https:\/\/schema.org\/","@type":"BreadcrumbList","itemListElement":[{"@type":"ListItem","position":1,"name":"Gran Canaria","item":"https:\/\/www.canariasconfidencial.com\/gran-canaria\/#breadcrumbitem"},{"@type":"ListItem","position":2,"name":"Santa Mar\u00eda de Gu\u00eda celebra 2\u00aa D\u00eda del \u00c1rbol en &#171;LA ATALAYITA&#187;.","item":"https:\/\/www.canariasconfidencial.com\/gran-canaria\/santa-maria-de-guia-celebra-2a-dia-del-arbol-en-la-atalayita\/#breadcrumbitem"}]}]