[{"@context":"https:\/\/schema.org\/","@type":"BlogPosting","@id":"https:\/\/www.canariasconfidencial.com\/gran-canaria\/santa-maria-de-guia-se-suma-al-dia-internacional-contra-la-esclavitud-infantil\/#BlogPosting","mainEntityOfPage":"https:\/\/www.canariasconfidencial.com\/gran-canaria\/santa-maria-de-guia-se-suma-al-dia-internacional-contra-la-esclavitud-infantil\/","headline":"Santa Mar\u00eda de Gu\u00eda se suma al D\u00eda Internacional contra la esclavitud infantil","name":"Santa Mar\u00eda de Gu\u00eda se suma al D\u00eda Internacional contra la esclavitud infantil","description":"Related posts:El Valencia, rival de la UD en cuartos de CopaAyuntamiento de Ingenio y Construplan firman contrato para ejecutar el Equipamiento Cultural-Antiguo...''Chorizos de Teror''. La sobrasada canaria","datePublished":"2017-04-20","dateModified":"2017-04-20","author":{"@type":"Person","@id":"https:\/\/www.canariasconfidencial.com\/author\/admin\/#Person","name":"Canarias Confidencial","url":"https:\/\/www.canariasconfidencial.com\/author\/admin\/","image":{"@type":"ImageObject","@id":"https:\/\/secure.gravatar.com\/avatar\/44ad1b7f51be99230dbaef835819598e?s=96&d=mm&r=g","url":"https:\/\/secure.gravatar.com\/avatar\/44ad1b7f51be99230dbaef835819598e?s=96&d=mm&r=g","height":96,"width":96}},"publisher":{"@type":"Organization","name":"Canarias Confidencial","logo":{"@type":"ImageObject","@id":"https:\/\/www.canariasconfidencial.com\/wp-content\/uploads\/2018\/07\/Canarias-Confidencial-1.png","url":"https:\/\/www.canariasconfidencial.com\/wp-content\/uploads\/2018\/07\/Canarias-Confidencial-1.png","width":600,"height":100}},"image":{"@type":"ImageObject","@id":"http:\/\/www.infonortedigital.com\/portada\/images\/noticias\/Guia2015\/ayuntamientoguia2015.jpg","url":"http:\/\/www.infonortedigital.com\/portada\/images\/noticias\/Guia2015\/ayuntamientoguia2015.jpg","height":"","width":""},"url":"https:\/\/www.canariasconfidencial.com\/gran-canaria\/santa-maria-de-guia-se-suma-al-dia-internacional-contra-la-esclavitud-infantil\/","about":["Gran Canaria"],"wordCount":29},{"@context":"https:\/\/schema.org\/","@type":"BreadcrumbList","itemListElement":[{"@type":"ListItem","position":1,"name":"Gran Canaria","item":"https:\/\/www.canariasconfidencial.com\/gran-canaria\/#breadcrumbitem"},{"@type":"ListItem","position":2,"name":"Santa Mar\u00eda de Gu\u00eda se suma al D\u00eda Internacional contra la esclavitud infantil","item":"https:\/\/www.canariasconfidencial.com\/gran-canaria\/santa-maria-de-guia-se-suma-al-dia-internacional-contra-la-esclavitud-infantil\/#breadcrumbitem"}]}]