[{"@context":"https:\/\/schema.org\/","@type":"BlogPosting","@id":"https:\/\/www.canariasconfidencial.com\/gran-canaria\/save-the-children-visita-el-ceip-agustin-hernandez-diaz\/#BlogPosting","mainEntityOfPage":"https:\/\/www.canariasconfidencial.com\/gran-canaria\/save-the-children-visita-el-ceip-agustin-hernandez-diaz\/","headline":"\u201cSave the children\u201d visita el CEIP Agust\u00edn Hern\u00e1ndez D\u00edaz","name":"\u201cSave the children\u201d visita el CEIP Agust\u00edn Hern\u00e1ndez D\u00edaz","description":"Tras varios a&ntilde;os colaborando con la ONG &ldquo;Save the Children&rdquo;, realizando la Carrera de Kil&oacute;metros Solidarios y en la que cada a&ntilde;o se ha recaudado determinadas cuant&iacute;as que han ido destinadas a contribuir en el desarrollo de diferentes proyectos en beneficio de los ni&ntilde;os m&aacute;s necesitados del continente africano, en la reciente edici&oacute;n de la [&hellip;]","datePublished":"2017-06-19","dateModified":"2017-06-19","author":{"@type":"Person","@id":"https:\/\/www.canariasconfidencial.com\/author\/admin\/#Person","name":"Canarias Confidencial","url":"https:\/\/www.canariasconfidencial.com\/author\/admin\/","image":{"@type":"ImageObject","@id":"https:\/\/secure.gravatar.com\/avatar\/44ad1b7f51be99230dbaef835819598e?s=96&d=mm&r=g","url":"https:\/\/secure.gravatar.com\/avatar\/44ad1b7f51be99230dbaef835819598e?s=96&d=mm&r=g","height":96,"width":96}},"publisher":{"@type":"Organization","name":"Canarias Confidencial","logo":{"@type":"ImageObject","@id":"https:\/\/www.canariasconfidencial.com\/wp-content\/uploads\/2018\/07\/Canarias-Confidencial-1.png","url":"https:\/\/www.canariasconfidencial.com\/wp-content\/uploads\/2018\/07\/Canarias-Confidencial-1.png","width":600,"height":100}},"image":{"@type":"ImageObject","@id":"http:\/\/www.infonortedigital.com\/portada\/images\/noticias\/Moya_2015\/Moya_2017\/childrenagustinespinosa.jpg","url":"http:\/\/www.infonortedigital.com\/portada\/images\/noticias\/Moya_2015\/Moya_2017\/childrenagustinespinosa.jpg","height":"","width":""},"url":"https:\/\/www.canariasconfidencial.com\/gran-canaria\/save-the-children-visita-el-ceip-agustin-hernandez-diaz\/","about":["Gran Canaria"],"wordCount":452},{"@context":"https:\/\/schema.org\/","@type":"BreadcrumbList","itemListElement":[{"@type":"ListItem","position":1,"name":"Gran Canaria","item":"https:\/\/www.canariasconfidencial.com\/gran-canaria\/#breadcrumbitem"},{"@type":"ListItem","position":2,"name":"\u201cSave the children\u201d visita el CEIP Agust\u00edn Hern\u00e1ndez D\u00edaz","item":"https:\/\/www.canariasconfidencial.com\/gran-canaria\/save-the-children-visita-el-ceip-agustin-hernandez-diaz\/#breadcrumbitem"}]}]