[{"@context":"https:\/\/schema.org\/","@type":"BlogPosting","@id":"https:\/\/www.canariasconfidencial.com\/gran-canaria\/segun-un-estudio-de-la-universidad-siracusa-nueva-york-las-palmas-de-gran-canaria-tiene-el-mejor-clima-del-mundo\/#BlogPosting","mainEntityOfPage":"https:\/\/www.canariasconfidencial.com\/gran-canaria\/segun-un-estudio-de-la-universidad-siracusa-nueva-york-las-palmas-de-gran-canaria-tiene-el-mejor-clima-del-mundo\/","headline":"Seg\u00fan un estudio de la Universidad Siracusa (Nueva York) Las Palmas de Gran Canaria tiene el mejor clima del mundo","name":"Seg\u00fan un estudio de la Universidad Siracusa (Nueva York) Las Palmas de Gran Canaria tiene el mejor clima del mundo","description":"Haz clic sobre la imagen para ver el v&iacute;deo sobre la ciudad con mejor clima del mundo: Las Palmas de Gran Canaria. Las Palmas de Gran Canaria&nbsp;es una ciudad y municipio&nbsp;espa&ntilde;ol&nbsp;situado en el noreste de la isla de&nbsp;Gran Canaria. La ciudad, la m&aacute;s grande y poblada de Canarias con 382&nbsp;296 habitantes,&nbsp;es la capital de&nbsp;Gran Canaria&nbsp;y [&hellip;]","datePublished":"2015-10-06","dateModified":"2015-10-06","author":{"@type":"Person","@id":"https:\/\/www.canariasconfidencial.com\/author\/admin\/#Person","name":"Canarias Confidencial","url":"https:\/\/www.canariasconfidencial.com\/author\/admin\/","image":{"@type":"ImageObject","@id":"https:\/\/secure.gravatar.com\/avatar\/44ad1b7f51be99230dbaef835819598e?s=96&d=mm&r=g","url":"https:\/\/secure.gravatar.com\/avatar\/44ad1b7f51be99230dbaef835819598e?s=96&d=mm&r=g","height":96,"width":96}},"publisher":{"@type":"Organization","name":"Canarias Confidencial","logo":{"@type":"ImageObject","@id":"https:\/\/www.canariasconfidencial.com\/wp-content\/uploads\/2018\/07\/Canarias-Confidencial-1.png","url":"https:\/\/www.canariasconfidencial.com\/wp-content\/uploads\/2018\/07\/Canarias-Confidencial-1.png","width":600,"height":100}},"image":{"@type":"ImageObject","@id":"http:\/\/www.ucarecdn.com\/c2b1b011-ba42-4ff9-8af5-a74036e6998f\/-\/preview\/","url":"http:\/\/www.ucarecdn.com\/c2b1b011-ba42-4ff9-8af5-a74036e6998f\/-\/preview\/","height":"","width":""},"url":"https:\/\/www.canariasconfidencial.com\/gran-canaria\/segun-un-estudio-de-la-universidad-siracusa-nueva-york-las-palmas-de-gran-canaria-tiene-el-mejor-clima-del-mundo\/","video":[{"@context":"http:\/\/schema.org\/","@type":"VideoObject","@id":"https:\/\/www.youtube.com\/watch?v=yRrcM1q6Z1M#VideoObject","contentUrl":"https:\/\/www.youtube.com\/watch?v=yRrcM1q6Z1M","name":"Las Palmas de Gran Canaria (TVE Ciudades para el Siglo XXI) 1\/2","description":"LAS PALMAS DE GRAN CANARIA\r\nCiudad de La Luz\r\n\r\nDesde que Juan Rej\u00f3n fund\u00f3 la ciudad el solsticio de verano de 1478  \u00e9sta no ha dejado de crecer y modernizarse, con sus cuatrocientos mil habitantes es la ciudad m\u00e1s poblada de las Islas Canarias.\r\nDesde el Puerto de la Luz el documental hace un recorrido por sus  barrios hist\u00f3ricos de Vegueta y Triana, su recoleto modernismo, sus patios y museos, para mostrar la recuperada playa de las Canteras, el museo de la Ciencia, El Auditorio Alfredo Kraus y el Centro Atl\u00e1ntico de Arte, el Caam, referencia imprescindible en el panorama art\u00edstico espa\u00f1ol. El paisaje impresionante del Roque Nublo y las ex\u00f3ticas dunas al sur de la isla insisten en el buen clima de Gran Canaria en general y de la ciudad en particular, considerado uno de los mejores del mundo. El Carnaval, su biblioteca, sus conciertos, sus m\u00faltiples festivales  y su aire netamente cosmopolita hablan de una ciudad abierta y culturalmente muy activa.","thumbnailUrl":["https:\/\/i.ytimg.com\/vi\/yRrcM1q6Z1M\/default.jpg","https:\/\/i.ytimg.com\/vi\/yRrcM1q6Z1M\/mqdefault.jpg","https:\/\/i.ytimg.com\/vi\/yRrcM1q6Z1M\/hqdefault.jpg"],"uploadDate":"2010-10-31T12:37:37+00:00","duration":"PT14M59S","embedUrl":"https:\/\/www.youtube.com\/embed\/yRrcM1q6Z1M","publisher":{"@type":"Organization","@id":"https:\/\/www.youtube.com\/channel\/UC5tSsOde0vEFJuJSjuB-VUg#Organization","url":"https:\/\/www.youtube.com\/channel\/UC5tSsOde0vEFJuJSjuB-VUg","name":"FotoValdunquillo","description":"Colecci\u00f3n de videos pertenecientes a la serie de TVE Ciudades para el siglo XXI y Castilla y Le\u00f3n, un Tesoro en cada rinc\u00f3n, producidos por FotoValdunquillo, localidad de Tierra de Campos (Valladolid)","logo":{"url":"https:\/\/yt3.ggpht.com\/ytc\/AIdro_mL1KFEXmjmrp8F9EX8YaRBKt7c0TTrKDtbUySsLM1YVNE=s800-c-k-c0x00ffffff-no-rj","width":800,"height":800,"@type":"ImageObject","@id":"https:\/\/www.youtube.com\/watch?v=yRrcM1q6Z1M#VideoObject_publisher_logo_ImageObject"}},"potentialAction":{"@type":"SeekToAction","@id":"https:\/\/www.youtube.com\/watch?v=yRrcM1q6Z1M#VideoObject_potentialAction","target":"https:\/\/www.youtube.com\/watch?v=yRrcM1q6Z1M&t={seek_to_second_number}","startOffset-input":"required name=seek_to_second_number"},"interactionStatistic":[[{"@type":"InteractionCounter","@id":"https:\/\/www.youtube.com\/watch?v=yRrcM1q6Z1M#VideoObject_interactionStatistic_WatchAction","interactionType":{"@type":"WatchAction"},"userInteractionCount":28471}],{"@type":"InteractionCounter","@id":"https:\/\/www.youtube.com\/watch?v=yRrcM1q6Z1M#VideoObject_interactionStatistic_LikeAction","interactionType":{"@type":"LikeAction"},"userInteractionCount":137}]},{"@context":"http:\/\/schema.org\/","@type":"VideoObject","@id":"https:\/\/www.youtube.com\/watch?v=3usdjPQsOiY#VideoObject","contentUrl":"https:\/\/www.youtube.com\/watch?v=3usdjPQsOiY","name":"Playa de Las Canteras (  Por Gino Maccanti )","description":"www.ginomaccanti.com\r\n* Video documental sobre la playa de las canteras en la isla de Gran Canaria. rodado entre septiembre del 2010 y enero de 2011.\r\nequipo: camara Canon 5d Mark II , lentes canon: 85mm 1.2\/ 50 mm 1.8 \/ 135 mm f2 \/ 17-40 f4 \/ sigma 150-500 mm f5.Rail Glidetrack y tripode Giotto. y la canoa inchable para ir a la barra .\r\neditado en premiere cs5 y after effects cs5 musica y effectos de sonido a\u00f1adidos en postproduccion. \r\n\r\n* Video documentary about Las Canteras beach located on the Gran Canaria Island .\r\nShot during september 2010 and january 2011.\r\nEquipment: Canon 5d Mark II camera , lenses: Canon: 85mm 1.2\/ 50 mm 1.8 \/ 135 mm f2 \/ 17-40 f4 \/ and Sigma 150-500 mm f5. \/\/ Rail Glidetrack and Giotto tripod.\r\nInflatable Kayak to reach the main outer reef.\r\nPost: edited and color graded on premiere cs5 and After Effects Cs5. Music and sound effects added in post too.","thumbnailUrl":["https:\/\/i.ytimg.com\/vi\/3usdjPQsOiY\/default.jpg","https:\/\/i.ytimg.com\/vi\/3usdjPQsOiY\/mqdefault.jpg","https:\/\/i.ytimg.com\/vi\/3usdjPQsOiY\/hqdefault.jpg","https:\/\/i.ytimg.com\/vi\/3usdjPQsOiY\/sddefault.jpg","https:\/\/i.ytimg.com\/vi\/3usdjPQsOiY\/maxresdefault.jpg"],"uploadDate":"2011-02-02T00:07:12+00:00","duration":"PT8M","embedUrl":"https:\/\/www.youtube.com\/embed\/3usdjPQsOiY","publisher":{"@type":"Organization","@id":"https:\/\/www.youtube.com\/channel\/UCmelWaEq5VrjbE7EJvKT7vw#Organization","url":"https:\/\/www.youtube.com\/channel\/UCmelWaEq5VrjbE7EJvKT7vw","name":"Gino Maccanti","description":"","logo":{"url":"https:\/\/yt3.ggpht.com\/ytc\/AIdro_lV1FFolfhngXatQkdq_vPbq8aoQqurhsSjSLpSDP4Fww=s800-c-k-c0x00ffffff-no-rj","width":800,"height":800,"@type":"ImageObject","@id":"https:\/\/www.youtube.com\/watch?v=3usdjPQsOiY#VideoObject_publisher_logo_ImageObject"}},"potentialAction":{"@type":"SeekToAction","@id":"https:\/\/www.youtube.com\/watch?v=3usdjPQsOiY#VideoObject_potentialAction","target":"https:\/\/www.youtube.com\/watch?v=3usdjPQsOiY&t={seek_to_second_number}","startOffset-input":"required name=seek_to_second_number"},"interactionStatistic":[[{"@type":"InteractionCounter","@id":"https:\/\/www.youtube.com\/watch?v=3usdjPQsOiY#VideoObject_interactionStatistic_WatchAction","interactionType":{"@type":"WatchAction"},"userInteractionCount":253030}],{"@type":"InteractionCounter","@id":"https:\/\/www.youtube.com\/watch?v=3usdjPQsOiY#VideoObject_interactionStatistic_LikeAction","interactionType":{"@type":"LikeAction"},"userInteractionCount":1040}]}],"about":["Gran Canaria"],"wordCount":534},{"@context":"https:\/\/schema.org\/","@type":"BreadcrumbList","itemListElement":[{"@type":"ListItem","position":1,"name":"Gran Canaria","item":"https:\/\/www.canariasconfidencial.com\/gran-canaria\/#breadcrumbitem"},{"@type":"ListItem","position":2,"name":"Seg\u00fan un estudio de la Universidad Siracusa (Nueva York) Las Palmas de Gran Canaria tiene el mejor clima del mundo","item":"https:\/\/www.canariasconfidencial.com\/gran-canaria\/segun-un-estudio-de-la-universidad-siracusa-nueva-york-las-palmas-de-gran-canaria-tiene-el-mejor-clima-del-mundo\/#breadcrumbitem"}]}]