[{"@context":"https:\/\/schema.org\/","@type":"BlogPosting","@id":"https:\/\/www.canariasconfidencial.com\/gran-canaria\/tal-dia-como-hoy-16-01-1547-ivan-iv_-el-terrible-se-proclama-zar\/#BlogPosting","mainEntityOfPage":"https:\/\/www.canariasconfidencial.com\/gran-canaria\/tal-dia-como-hoy-16-01-1547-ivan-iv_-el-terrible-se-proclama-zar\/","headline":"TAL D\u00cdA COMO HOY (16-01-1547): Iv\u00e1n IV, el Terrible se proclama zar","name":"TAL D\u00cdA COMO HOY (16-01-1547): Iv\u00e1n IV, el Terrible se proclama zar","description":"&nbsp; 16 de enero de&nbsp;1547:&nbsp;Uno de los gobernantes m&aacute;s inflexibles y c&eacute;lebres de la historia fue proclamado zar en una fecha como la de hoy. Iv&aacute;n IV Vas&iacute;lievich, mejor conocido por su apodo de &ldquo;el Terrible&rdquo;, vivi&oacute; en una &eacute;poca crucial para Rusia. Su padre, Basilio III de Mosc&uacute;, falleci&oacute; cuando Iv&aacute;n era apenas un [&hellip;]","datePublished":"2016-01-16","dateModified":"2016-01-16","author":{"@type":"Person","@id":"https:\/\/www.canariasconfidencial.com\/author\/admin\/#Person","name":"Canarias Confidencial","url":"https:\/\/www.canariasconfidencial.com\/author\/admin\/","image":{"@type":"ImageObject","@id":"https:\/\/secure.gravatar.com\/avatar\/44ad1b7f51be99230dbaef835819598e?s=96&d=mm&r=g","url":"https:\/\/secure.gravatar.com\/avatar\/44ad1b7f51be99230dbaef835819598e?s=96&d=mm&r=g","height":96,"width":96}},"publisher":{"@type":"Organization","name":"Canarias Confidencial","logo":{"@type":"ImageObject","@id":"https:\/\/www.canariasconfidencial.com\/wp-content\/uploads\/2018\/07\/Canarias-Confidencial-1.png","url":"https:\/\/www.canariasconfidencial.com\/wp-content\/uploads\/2018\/07\/Canarias-Confidencial-1.png","width":600,"height":100}},"image":{"@type":"ImageObject","@id":"http:\/\/www.ucarecdn.com\/0dce8fd1-1efb-49a5-99a7-f530a5b25d3b\/-\/preview\/","url":"http:\/\/www.ucarecdn.com\/0dce8fd1-1efb-49a5-99a7-f530a5b25d3b\/-\/preview\/","height":"","width":""},"url":"https:\/\/www.canariasconfidencial.com\/gran-canaria\/tal-dia-como-hoy-16-01-1547-ivan-iv_-el-terrible-se-proclama-zar\/","about":["Gran Canaria"],"wordCount":489},{"@context":"https:\/\/schema.org\/","@type":"BreadcrumbList","itemListElement":[{"@type":"ListItem","position":1,"name":"Gran Canaria","item":"https:\/\/www.canariasconfidencial.com\/gran-canaria\/#breadcrumbitem"},{"@type":"ListItem","position":2,"name":"TAL D\u00cdA COMO HOY (16-01-1547): Iv\u00e1n IV, el Terrible se proclama zar","item":"https:\/\/www.canariasconfidencial.com\/gran-canaria\/tal-dia-como-hoy-16-01-1547-ivan-iv_-el-terrible-se-proclama-zar\/#breadcrumbitem"}]}]