[{"@context":"https:\/\/schema.org\/","@type":"BlogPosting","@id":"https:\/\/www.canariasconfidencial.com\/gran-canaria\/tal-dia-como-hoy-nacio-bob-marley\/#BlogPosting","mainEntityOfPage":"https:\/\/www.canariasconfidencial.com\/gran-canaria\/tal-dia-como-hoy-nacio-bob-marley\/","headline":"Tal d\u00eda como hoy naci\u00f3 Bob Marley","name":"Tal d\u00eda como hoy naci\u00f3 Bob Marley","description":"&nbsp; 6 de febrero de&nbsp;1945:&nbsp;En esta fecha naci&oacute; no solo uno de las m&aacute;s grande referencias de la m&uacute;sica contempor&aacute;nea sino tambi&eacute;n un influyente l&iacute;der jamaiquino y del pensamiento rastafari: Robert Nesta Marley Booker, mejor conocido como Bob Marley. Era hijo de Cedella Booker, una afro-jamaiquina y de Norval Marley, un jamaiquino blanco de ascendencia [&hellip;]","datePublished":"2016-02-06","dateModified":"2016-02-06","author":{"@type":"Person","@id":"https:\/\/www.canariasconfidencial.com\/author\/admin\/#Person","name":"Canarias Confidencial","url":"https:\/\/www.canariasconfidencial.com\/author\/admin\/","image":{"@type":"ImageObject","@id":"https:\/\/secure.gravatar.com\/avatar\/44ad1b7f51be99230dbaef835819598e?s=96&d=mm&r=g","url":"https:\/\/secure.gravatar.com\/avatar\/44ad1b7f51be99230dbaef835819598e?s=96&d=mm&r=g","height":96,"width":96}},"publisher":{"@type":"Organization","name":"Canarias Confidencial","logo":{"@type":"ImageObject","@id":"https:\/\/www.canariasconfidencial.com\/wp-content\/uploads\/2018\/07\/Canarias-Confidencial-1.png","url":"https:\/\/www.canariasconfidencial.com\/wp-content\/uploads\/2018\/07\/Canarias-Confidencial-1.png","width":600,"height":100}},"image":{"@type":"ImageObject","@id":"http:\/\/www.ucarecdn.com\/7b2e0fab-5c0f-4416-8a25-e2370926f4c2\/-\/crop\/496x337\/0,6\/-\/preview\/","url":"http:\/\/www.ucarecdn.com\/7b2e0fab-5c0f-4416-8a25-e2370926f4c2\/-\/crop\/496x337\/0,6\/-\/preview\/","height":"","width":""},"url":"https:\/\/www.canariasconfidencial.com\/gran-canaria\/tal-dia-como-hoy-nacio-bob-marley\/","about":["Gran Canaria"],"wordCount":459},{"@context":"https:\/\/schema.org\/","@type":"BreadcrumbList","itemListElement":[{"@type":"ListItem","position":1,"name":"Gran Canaria","item":"https:\/\/www.canariasconfidencial.com\/gran-canaria\/#breadcrumbitem"},{"@type":"ListItem","position":2,"name":"Tal d\u00eda como hoy naci\u00f3 Bob Marley","item":"https:\/\/www.canariasconfidencial.com\/gran-canaria\/tal-dia-como-hoy-nacio-bob-marley\/#breadcrumbitem"}]}]