[{"@context":"https:\/\/schema.org\/","@type":"BlogPosting","@id":"https:\/\/www.canariasconfidencial.com\/gran-canaria\/teror-celebra-el-sabado_-21-de-noviembre_-el-dia-del-arbol-con-una-plantacion-junto-a-los-granadillos\/#BlogPosting","mainEntityOfPage":"https:\/\/www.canariasconfidencial.com\/gran-canaria\/teror-celebra-el-sabado_-21-de-noviembre_-el-dia-del-arbol-con-una-plantacion-junto-a-los-granadillos\/","headline":"Teror celebra el s\u00e1bado, 21 de noviembre, el D\u00eda del \u00c1rbol con una plantaci\u00f3n junto a Los Granadillos.","name":"Teror celebra el s\u00e1bado, 21 de noviembre, el D\u00eda del \u00c1rbol con una plantaci\u00f3n junto a Los Granadillos.","description":"&nbsp; Con motivo del D&iacute;a del &Aacute;rbol, el Ayuntamiento de Teror, a trav&eacute;s del &aacute;rea municipal de Medio Ambiente y Parques y Jardines, ha organizado para el s&aacute;bado 21 de noviembre, a las 11 de la ma&ntilde;ana, una plantaci&oacute;n de &aacute;rboles en los aleda&ntilde;os de la Zona Recreativa de Los Granadillos, junto a la Finca [&hellip;]","datePublished":"2015-11-20","dateModified":"2015-11-20","author":{"@type":"Person","@id":"https:\/\/www.canariasconfidencial.com\/author\/admin\/#Person","name":"Canarias Confidencial","url":"https:\/\/www.canariasconfidencial.com\/author\/admin\/","image":{"@type":"ImageObject","@id":"https:\/\/secure.gravatar.com\/avatar\/44ad1b7f51be99230dbaef835819598e?s=96&d=mm&r=g","url":"https:\/\/secure.gravatar.com\/avatar\/44ad1b7f51be99230dbaef835819598e?s=96&d=mm&r=g","height":96,"width":96}},"publisher":{"@type":"Organization","name":"Canarias Confidencial","logo":{"@type":"ImageObject","@id":"https:\/\/www.canariasconfidencial.com\/wp-content\/uploads\/2018\/07\/Canarias-Confidencial-1.png","url":"https:\/\/www.canariasconfidencial.com\/wp-content\/uploads\/2018\/07\/Canarias-Confidencial-1.png","width":600,"height":100}},"image":{"@type":"ImageObject","@id":"http:\/\/www.ucarecdn.com\/3aeb7cb1-d7f2-49aa-9240-824342e4686e\/-\/crop\/640x377\/0,0\/-\/preview\/","url":"http:\/\/www.ucarecdn.com\/3aeb7cb1-d7f2-49aa-9240-824342e4686e\/-\/crop\/640x377\/0,0\/-\/preview\/","height":"","width":""},"url":"https:\/\/www.canariasconfidencial.com\/gran-canaria\/teror-celebra-el-sabado_-21-de-noviembre_-el-dia-del-arbol-con-una-plantacion-junto-a-los-granadillos\/","about":["Gran Canaria"],"wordCount":255},{"@context":"https:\/\/schema.org\/","@type":"BreadcrumbList","itemListElement":[{"@type":"ListItem","position":1,"name":"Gran Canaria","item":"https:\/\/www.canariasconfidencial.com\/gran-canaria\/#breadcrumbitem"},{"@type":"ListItem","position":2,"name":"Teror celebra el s\u00e1bado, 21 de noviembre, el D\u00eda del \u00c1rbol con una plantaci\u00f3n junto a Los Granadillos.","item":"https:\/\/www.canariasconfidencial.com\/gran-canaria\/teror-celebra-el-sabado_-21-de-noviembre_-el-dia-del-arbol-con-una-plantacion-junto-a-los-granadillos\/#breadcrumbitem"}]}]