[{"@context":"https:\/\/schema.org\/","@type":"BlogPosting","@id":"https:\/\/www.canariasconfidencial.com\/gran-canaria\/teror-celebra-un-fin-de-ano-diferente-con-las-campanadas-desde-la-plaza-del-pino-retransmitidas-para-toda-espana-a-traves-de-rtve\/#BlogPosting","mainEntityOfPage":"https:\/\/www.canariasconfidencial.com\/gran-canaria\/teror-celebra-un-fin-de-ano-diferente-con-las-campanadas-desde-la-plaza-del-pino-retransmitidas-para-toda-espana-a-traves-de-rtve\/","headline":"Teror celebra un Fin de A\u00f1o diferente con las campanadas desde la Plaza del Pino retransmitidas para toda Espa\u00f1a a trav\u00e9s de RTVE","name":"Teror celebra un Fin de A\u00f1o diferente con las campanadas desde la Plaza del Pino retransmitidas para toda Espa\u00f1a a trav\u00e9s de RTVE","description":"&nbsp; Esta ma&ntilde;ana ha tenido lugar en el p&oacute;rtico de la Bas&iacute;lica del Pino la presentaci&oacute;n del acto de las campanadas de fin de a&ntilde;o el pr&oacute;ximo 31 de diciembre que tendr&aacute;n como escenario la Plaza del Pino en Teror &nbsp;y que retransmitir&aacute; en directo Radio Televisi&oacute;n Espa&ntilde;ola (RTVE) para todo el territorio nacional desde [&hellip;]","datePublished":"2015-12-29","dateModified":"2015-12-29","author":{"@type":"Person","@id":"https:\/\/www.canariasconfidencial.com\/author\/admin\/#Person","name":"Canarias Confidencial","url":"https:\/\/www.canariasconfidencial.com\/author\/admin\/","image":{"@type":"ImageObject","@id":"https:\/\/secure.gravatar.com\/avatar\/44ad1b7f51be99230dbaef835819598e?s=96&d=mm&r=g","url":"https:\/\/secure.gravatar.com\/avatar\/44ad1b7f51be99230dbaef835819598e?s=96&d=mm&r=g","height":96,"width":96}},"publisher":{"@type":"Organization","name":"Canarias Confidencial","logo":{"@type":"ImageObject","@id":"https:\/\/www.canariasconfidencial.com\/wp-content\/uploads\/2018\/07\/Canarias-Confidencial-1.png","url":"https:\/\/www.canariasconfidencial.com\/wp-content\/uploads\/2018\/07\/Canarias-Confidencial-1.png","width":600,"height":100}},"image":{"@type":"ImageObject","@id":"http:\/\/www.ucarecdn.com\/f9195cd6-2ce9-4917-813f-a9d1fa281686\/-\/crop\/1200x1139\/0,3\/-\/preview\/","url":"http:\/\/www.ucarecdn.com\/f9195cd6-2ce9-4917-813f-a9d1fa281686\/-\/crop\/1200x1139\/0,3\/-\/preview\/","height":"","width":""},"url":"https:\/\/www.canariasconfidencial.com\/gran-canaria\/teror-celebra-un-fin-de-ano-diferente-con-las-campanadas-desde-la-plaza-del-pino-retransmitidas-para-toda-espana-a-traves-de-rtve\/","about":["Gran Canaria"],"wordCount":715},{"@context":"https:\/\/schema.org\/","@type":"BreadcrumbList","itemListElement":[{"@type":"ListItem","position":1,"name":"Gran Canaria","item":"https:\/\/www.canariasconfidencial.com\/gran-canaria\/#breadcrumbitem"},{"@type":"ListItem","position":2,"name":"Teror celebra un Fin de A\u00f1o diferente con las campanadas desde la Plaza del Pino retransmitidas para toda Espa\u00f1a a trav\u00e9s de RTVE","item":"https:\/\/www.canariasconfidencial.com\/gran-canaria\/teror-celebra-un-fin-de-ano-diferente-con-las-campanadas-desde-la-plaza-del-pino-retransmitidas-para-toda-espana-a-traves-de-rtve\/#breadcrumbitem"}]}]