[{"@context":"https:\/\/schema.org\/","@type":"BlogPosting","@id":"https:\/\/www.canariasconfidencial.com\/gran-canaria\/tertulia-junto-a-jorge-aleman_-rafael-vines_-mario-sangines-y-gilberto-diaz\/#BlogPosting","mainEntityOfPage":"https:\/\/www.canariasconfidencial.com\/gran-canaria\/tertulia-junto-a-jorge-aleman_-rafael-vines_-mario-sangines-y-gilberto-diaz\/","headline":"Tertulia junto a Jorge Alem\u00e1n, Rafael Vi\u00f1es, Mario Sangin\u00e9s y Gilberto D\u00edaz","name":"Tertulia junto a Jorge Alem\u00e1n, Rafael Vi\u00f1es, Mario Sangin\u00e9s y Gilberto D\u00edaz","description":"&nbsp; &nbsp; &nbsp; &nbsp; &nbsp; &nbsp; &nbsp; &nbsp; &nbsp; &nbsp; &nbsp; &nbsp; &nbsp; &nbsp; &nbsp; &nbsp; &nbsp; &nbsp; &nbsp; &nbsp; &nbsp; &nbsp;&nbsp; Interesante tertulia en Bienvenido al club junto a nuestros colaboradores habituales y nuestro invitado especial, Gilberto D&iacute;az ( consejero de empleo y transparencia del Cabildo de Gran Canaria). El tema que abordamos en [&hellip;]","datePublished":"2016-02-17","dateModified":"2016-02-17","author":{"@type":"Person","@id":"https:\/\/www.canariasconfidencial.com\/author\/admin\/#Person","name":"Canarias Confidencial","url":"https:\/\/www.canariasconfidencial.com\/author\/admin\/","image":{"@type":"ImageObject","@id":"https:\/\/secure.gravatar.com\/avatar\/44ad1b7f51be99230dbaef835819598e?s=96&d=mm&r=g","url":"https:\/\/secure.gravatar.com\/avatar\/44ad1b7f51be99230dbaef835819598e?s=96&d=mm&r=g","height":96,"width":96}},"publisher":{"@type":"Organization","name":"Canarias Confidencial","logo":{"@type":"ImageObject","@id":"https:\/\/www.canariasconfidencial.com\/wp-content\/uploads\/2018\/07\/Canarias-Confidencial-1.png","url":"https:\/\/www.canariasconfidencial.com\/wp-content\/uploads\/2018\/07\/Canarias-Confidencial-1.png","width":600,"height":100}},"image":{"@type":"ImageObject","@id":"https:\/\/encrypted-tbn3.gstatic.com\/images?q=tbn:ANd9GcRgVgWwCmpdKiOjYAte8cc1JXUsCTbsZK53uy-lKSjFJXFSPr3c","url":"https:\/\/encrypted-tbn3.gstatic.com\/images?q=tbn:ANd9GcRgVgWwCmpdKiOjYAte8cc1JXUsCTbsZK53uy-lKSjFJXFSPr3c","height":"","width":""},"url":"https:\/\/www.canariasconfidencial.com\/gran-canaria\/tertulia-junto-a-jorge-aleman_-rafael-vines_-mario-sangines-y-gilberto-diaz\/","about":["Gran Canaria"],"wordCount":114},{"@context":"https:\/\/schema.org\/","@type":"BreadcrumbList","itemListElement":[{"@type":"ListItem","position":1,"name":"Gran Canaria","item":"https:\/\/www.canariasconfidencial.com\/gran-canaria\/#breadcrumbitem"},{"@type":"ListItem","position":2,"name":"Tertulia junto a Jorge Alem\u00e1n, Rafael Vi\u00f1es, Mario Sangin\u00e9s y Gilberto D\u00edaz","item":"https:\/\/www.canariasconfidencial.com\/gran-canaria\/tertulia-junto-a-jorge-aleman_-rafael-vines_-mario-sangines-y-gilberto-diaz\/#breadcrumbitem"}]}]