[{"@context":"https:\/\/schema.org\/","@type":"BlogPosting","@id":"https:\/\/www.canariasconfidencial.com\/gran-canaria\/triunfo-del-equipo-alevin-de-futbol-3x3-del-ceip-agustin-hernandez-diaz-de-la-villa-de-moya\/#BlogPosting","mainEntityOfPage":"https:\/\/www.canariasconfidencial.com\/gran-canaria\/triunfo-del-equipo-alevin-de-futbol-3x3-del-ceip-agustin-hernandez-diaz-de-la-villa-de-moya\/","headline":"Triunfo del equipo alev\u00edn de f\u00fatbol 3&#215;3 del CEIP Agust\u00edn Hern\u00e1ndez D\u00edaz de la Villa de Moya","name":"Triunfo del equipo alev\u00edn de f\u00fatbol 3&#215;3 del CEIP Agust\u00edn Hern\u00e1ndez D\u00edaz de la Villa de Moya","description":"Related posts:Aguas de Teror estrena nueva etiqueta en sus envasesTal d\u00eda como hoy (08\/02\/1828): naci\u00f3 Julio VerneDH Juvenil. Victoria sin brillo del Gu\u00eda al colista","datePublished":"2017-05-15","dateModified":"2017-05-15","author":{"@type":"Person","@id":"https:\/\/www.canariasconfidencial.com\/author\/admin\/#Person","name":"Canarias Confidencial","url":"https:\/\/www.canariasconfidencial.com\/author\/admin\/","image":{"@type":"ImageObject","@id":"https:\/\/secure.gravatar.com\/avatar\/44ad1b7f51be99230dbaef835819598e?s=96&d=mm&r=g","url":"https:\/\/secure.gravatar.com\/avatar\/44ad1b7f51be99230dbaef835819598e?s=96&d=mm&r=g","height":96,"width":96}},"publisher":{"@type":"Organization","name":"Canarias Confidencial","logo":{"@type":"ImageObject","@id":"https:\/\/www.canariasconfidencial.com\/wp-content\/uploads\/2018\/07\/Canarias-Confidencial-1.png","url":"https:\/\/www.canariasconfidencial.com\/wp-content\/uploads\/2018\/07\/Canarias-Confidencial-1.png","width":600,"height":100}},"image":{"@type":"ImageObject","@id":"http:\/\/www.infonortedigital.com\/portada\/images\/noticias\/Moya_2015\/Moya_2017\/agustoinhdez02.jpg","url":"http:\/\/www.infonortedigital.com\/portada\/images\/noticias\/Moya_2015\/Moya_2017\/agustoinhdez02.jpg","height":"","width":""},"url":"https:\/\/www.canariasconfidencial.com\/gran-canaria\/triunfo-del-equipo-alevin-de-futbol-3x3-del-ceip-agustin-hernandez-diaz-de-la-villa-de-moya\/","about":["Gran Canaria"],"wordCount":27},{"@context":"https:\/\/schema.org\/","@type":"BreadcrumbList","itemListElement":[{"@type":"ListItem","position":1,"name":"Gran Canaria","item":"https:\/\/www.canariasconfidencial.com\/gran-canaria\/#breadcrumbitem"},{"@type":"ListItem","position":2,"name":"Triunfo del equipo alev\u00edn de f\u00fatbol 3&#215;3 del CEIP Agust\u00edn Hern\u00e1ndez D\u00edaz de la Villa de Moya","item":"https:\/\/www.canariasconfidencial.com\/gran-canaria\/triunfo-del-equipo-alevin-de-futbol-3x3-del-ceip-agustin-hernandez-diaz-de-la-villa-de-moya\/#breadcrumbitem"}]}]