[{"@context":"https:\/\/schema.org\/","@type":"BlogPosting","@id":"https:\/\/www.canariasconfidencial.com\/gran-canaria\/ultima-semana-de-la-muestra-sobre-pedro-lezcano-en-la-casa-museo-tomas-morales\/#BlogPosting","mainEntityOfPage":"https:\/\/www.canariasconfidencial.com\/gran-canaria\/ultima-semana-de-la-muestra-sobre-pedro-lezcano-en-la-casa-museo-tomas-morales\/","headline":"\u00daltima semana de la muestra sobre Pedro Lezcano en la Casa-Museo Tom\u00e1s Morales","name":"\u00daltima semana de la muestra sobre Pedro Lezcano en la Casa-Museo Tom\u00e1s Morales","description":"La muestra documental y bibliogr&aacute;fica &lsquo;Pedro Lezcano: Yo vivir&eacute; lo que ustedes deseen&rsquo; de la Casa-Museo Tom&aacute;s Morales de Moya (Plaza Tom&aacute;s Morales, s\/n) afronta su &uacute;ltima semana tras haber recibido la visita de m&aacute;s de 9.000 personas desde su inauguraci&oacute;n, el pasado 26 de febrero. La exposici&oacute;n, que se clausura definitivamente el pr&oacute;ximo mi&eacute;rcoles, [&hellip;]","datePublished":"2016-08-25","dateModified":"2016-08-25","author":{"@type":"Person","@id":"https:\/\/www.canariasconfidencial.com\/author\/admin\/#Person","name":"Canarias Confidencial","url":"https:\/\/www.canariasconfidencial.com\/author\/admin\/","image":{"@type":"ImageObject","@id":"https:\/\/secure.gravatar.com\/avatar\/44ad1b7f51be99230dbaef835819598e?s=96&d=mm&r=g","url":"https:\/\/secure.gravatar.com\/avatar\/44ad1b7f51be99230dbaef835819598e?s=96&d=mm&r=g","height":96,"width":96}},"publisher":{"@type":"Organization","name":"Canarias Confidencial","logo":{"@type":"ImageObject","@id":"https:\/\/www.canariasconfidencial.com\/wp-content\/uploads\/2018\/07\/Canarias-Confidencial-1.png","url":"https:\/\/www.canariasconfidencial.com\/wp-content\/uploads\/2018\/07\/Canarias-Confidencial-1.png","width":600,"height":100}},"image":{"@type":"ImageObject","@id":"http:\/\/www.infonortedigital.com\/portada\/images\/noticias\/Moya_2015\/Moya_2016\/lezcano_moya9.jpg","url":"http:\/\/www.infonortedigital.com\/portada\/images\/noticias\/Moya_2015\/Moya_2016\/lezcano_moya9.jpg","height":"","width":""},"url":"https:\/\/www.canariasconfidencial.com\/gran-canaria\/ultima-semana-de-la-muestra-sobre-pedro-lezcano-en-la-casa-museo-tomas-morales\/","about":["Gran Canaria"],"wordCount":1265},{"@context":"https:\/\/schema.org\/","@type":"BreadcrumbList","itemListElement":[{"@type":"ListItem","position":1,"name":"Gran Canaria","item":"https:\/\/www.canariasconfidencial.com\/gran-canaria\/#breadcrumbitem"},{"@type":"ListItem","position":2,"name":"\u00daltima semana de la muestra sobre Pedro Lezcano en la Casa-Museo Tom\u00e1s Morales","item":"https:\/\/www.canariasconfidencial.com\/gran-canaria\/ultima-semana-de-la-muestra-sobre-pedro-lezcano-en-la-casa-museo-tomas-morales\/#breadcrumbitem"}]}]