[{"@context":"https:\/\/schema.org\/","@type":"BlogPosting","@id":"https:\/\/www.canariasconfidencial.com\/gran-canaria\/ultimas-plazas-para-conocer-el-paisaje-de-entre-cortijos-en-guia\/#BlogPosting","mainEntityOfPage":"https:\/\/www.canariasconfidencial.com\/gran-canaria\/ultimas-plazas-para-conocer-el-paisaje-de-entre-cortijos-en-guia\/","headline":"\u00daltimas plazas para conocer el paisaje de entre cortijos en Gu\u00eda","name":"\u00daltimas plazas para conocer el paisaje de entre cortijos en Gu\u00eda","description":"Related posts:Quique Seti\u00e9n: \u201cMe voy muy cabreado\u201dLA DISTINCIO\u0301N DE LA DISTINCIO\u0301N \u2013 UN CIELO ESTRELLADOEl Cabildo de Gran Canaria licita la incorporaci\u00f3n de 9 veh\u00edculos el\u00e9ctricos e h\u00edbridos a su parque ...","datePublished":"2017-04-21","dateModified":"2017-04-21","author":{"@type":"Person","@id":"https:\/\/www.canariasconfidencial.com\/author\/admin\/#Person","name":"Canarias Confidencial","url":"https:\/\/www.canariasconfidencial.com\/author\/admin\/","image":{"@type":"ImageObject","@id":"https:\/\/secure.gravatar.com\/avatar\/44ad1b7f51be99230dbaef835819598e?s=96&d=mm&r=g","url":"https:\/\/secure.gravatar.com\/avatar\/44ad1b7f51be99230dbaef835819598e?s=96&d=mm&r=g","height":96,"width":96}},"publisher":{"@type":"Organization","name":"Canarias Confidencial","logo":{"@type":"ImageObject","@id":"https:\/\/www.canariasconfidencial.com\/wp-content\/uploads\/2018\/07\/Canarias-Confidencial-1.png","url":"https:\/\/www.canariasconfidencial.com\/wp-content\/uploads\/2018\/07\/Canarias-Confidencial-1.png","width":600,"height":100}},"image":{"@type":"ImageObject","@id":"http:\/\/www.infonortedigital.com\/portada\/images\/noticias\/Guia2015\/Guia_2017\/cartelcaminata.jpg","url":"http:\/\/www.infonortedigital.com\/portada\/images\/noticias\/Guia2015\/Guia_2017\/cartelcaminata.jpg","height":"","width":""},"url":"https:\/\/www.canariasconfidencial.com\/gran-canaria\/ultimas-plazas-para-conocer-el-paisaje-de-entre-cortijos-en-guia\/","about":["Gran Canaria"],"wordCount":38},{"@context":"https:\/\/schema.org\/","@type":"BreadcrumbList","itemListElement":[{"@type":"ListItem","position":1,"name":"Gran Canaria","item":"https:\/\/www.canariasconfidencial.com\/gran-canaria\/#breadcrumbitem"},{"@type":"ListItem","position":2,"name":"\u00daltimas plazas para conocer el paisaje de entre cortijos en Gu\u00eda","item":"https:\/\/www.canariasconfidencial.com\/gran-canaria\/ultimas-plazas-para-conocer-el-paisaje-de-entre-cortijos-en-guia\/#breadcrumbitem"}]}]