[{"@context":"https:\/\/schema.org\/","@type":"BlogPosting","@id":"https:\/\/www.canariasconfidencial.com\/gran-canaria\/un-millar-de-escolares-de-guia-haran-la-ruta-de-las-marias\/#BlogPosting","mainEntityOfPage":"https:\/\/www.canariasconfidencial.com\/gran-canaria\/un-millar-de-escolares-de-guia-haran-la-ruta-de-las-marias\/","headline":"Un millar de escolares de Gu\u00eda har\u00e1n la ruta de Las Mar\u00edas","name":"Un millar de escolares de Gu\u00eda har\u00e1n la ruta de Las Mar\u00edas","description":"Related posts:Poemas (1): UN RECUERDO QUE DEJO- Nezahualc\u00f3yotl (M\u00e9xico)20 Claves Educativas para el 2020: La inmersi\u00f3n en la sociedad del siglo XXIEl Cabildo de Gran Canaria ofrece su apoyo a Las Patronas mexicanas, un referente internacional por ...","datePublished":"2017-05-24","dateModified":"2017-05-24","author":{"@type":"Person","@id":"https:\/\/www.canariasconfidencial.com\/author\/admin\/#Person","name":"Canarias Confidencial","url":"https:\/\/www.canariasconfidencial.com\/author\/admin\/","image":{"@type":"ImageObject","@id":"https:\/\/secure.gravatar.com\/avatar\/44ad1b7f51be99230dbaef835819598e?s=96&d=mm&r=g","url":"https:\/\/secure.gravatar.com\/avatar\/44ad1b7f51be99230dbaef835819598e?s=96&d=mm&r=g","height":96,"width":96}},"publisher":{"@type":"Organization","name":"Canarias Confidencial","logo":{"@type":"ImageObject","@id":"https:\/\/www.canariasconfidencial.com\/wp-content\/uploads\/2018\/07\/Canarias-Confidencial-1.png","url":"https:\/\/www.canariasconfidencial.com\/wp-content\/uploads\/2018\/07\/Canarias-Confidencial-1.png","width":600,"height":100}},"image":{"@type":"ImageObject","@id":"http:\/\/www.infonortedigital.com\/portada\/images\/noticias\/Guia2015\/Guia_2017\/rutalasmarias.jpg","url":"http:\/\/www.infonortedigital.com\/portada\/images\/noticias\/Guia2015\/Guia_2017\/rutalasmarias.jpg","height":"","width":""},"url":"https:\/\/www.canariasconfidencial.com\/gran-canaria\/un-millar-de-escolares-de-guia-haran-la-ruta-de-las-marias\/","about":["Gran Canaria"],"wordCount":39},{"@context":"https:\/\/schema.org\/","@type":"BreadcrumbList","itemListElement":[{"@type":"ListItem","position":1,"name":"Gran Canaria","item":"https:\/\/www.canariasconfidencial.com\/gran-canaria\/#breadcrumbitem"},{"@type":"ListItem","position":2,"name":"Un millar de escolares de Gu\u00eda har\u00e1n la ruta de Las Mar\u00edas","item":"https:\/\/www.canariasconfidencial.com\/gran-canaria\/un-millar-de-escolares-de-guia-haran-la-ruta-de-las-marias\/#breadcrumbitem"}]}]