[{"@context":"https:\/\/schema.org\/","@type":"BlogPosting","@id":"https:\/\/www.canariasconfidencial.com\/gran-canaria\/un-triptico-audiovisual-reflexiona-sobre-la-identidad-a-partir-de-la-cueva-pintada\/#BlogPosting","mainEntityOfPage":"https:\/\/www.canariasconfidencial.com\/gran-canaria\/un-triptico-audiovisual-reflexiona-sobre-la-identidad-a-partir-de-la-cueva-pintada\/","headline":"Un tr\u00edptico audiovisual reflexiona sobre la identidad a partir de la Cueva Pintada","name":"Un tr\u00edptico audiovisual reflexiona sobre la identidad a partir de la Cueva Pintada","description":"Related posts:M\u00e1s de medio millar de personas asistieron a la Feria Comercial \u201cD\u00edas de Celebraci\u00f3nEl Cabildo y Cajamar firman un convenio para impulsar el sector primario de Gran Canaria durante el ...M\u00e1s de 120 j\u00f3venes acondicionan espacios p\u00fablicos de la capital a trav\u00e9s del Plan de Empleo del Cabi...","datePublished":"2016-12-07","dateModified":"2016-12-07","author":{"@type":"Person","@id":"https:\/\/www.canariasconfidencial.com\/author\/admin\/#Person","name":"Canarias Confidencial","url":"https:\/\/www.canariasconfidencial.com\/author\/admin\/","image":{"@type":"ImageObject","@id":"https:\/\/secure.gravatar.com\/avatar\/44ad1b7f51be99230dbaef835819598e?s=96&d=mm&r=g","url":"https:\/\/secure.gravatar.com\/avatar\/44ad1b7f51be99230dbaef835819598e?s=96&d=mm&r=g","height":96,"width":96}},"publisher":{"@type":"Organization","name":"Canarias Confidencial","logo":{"@type":"ImageObject","@id":"https:\/\/www.canariasconfidencial.com\/wp-content\/uploads\/2018\/07\/Canarias-Confidencial-1.png","url":"https:\/\/www.canariasconfidencial.com\/wp-content\/uploads\/2018\/07\/Canarias-Confidencial-1.png","width":600,"height":100}},"image":{"@type":"ImageObject","@id":"http:\/\/www.infonortedigital.com\/portada\/images\/noticias\/Galdar2015\/galdar2016\/fotograma.png","url":"http:\/\/www.infonortedigital.com\/portada\/images\/noticias\/Galdar2015\/galdar2016\/fotograma.png","height":"","width":""},"url":"https:\/\/www.canariasconfidencial.com\/gran-canaria\/un-triptico-audiovisual-reflexiona-sobre-la-identidad-a-partir-de-la-cueva-pintada\/","about":["Gran Canaria"],"wordCount":56},{"@context":"https:\/\/schema.org\/","@type":"BreadcrumbList","itemListElement":[{"@type":"ListItem","position":1,"name":"Gran Canaria","item":"https:\/\/www.canariasconfidencial.com\/gran-canaria\/#breadcrumbitem"},{"@type":"ListItem","position":2,"name":"Un tr\u00edptico audiovisual reflexiona sobre la identidad a partir de la Cueva Pintada","item":"https:\/\/www.canariasconfidencial.com\/gran-canaria\/un-triptico-audiovisual-reflexiona-sobre-la-identidad-a-partir-de-la-cueva-pintada\/#breadcrumbitem"}]}]