[{"@context":"https:\/\/schema.org\/","@type":"BlogPosting","@id":"https:\/\/www.canariasconfidencial.com\/gran-canaria\/una-mesa-redonda-analiza-el-protagonismo-de-nestor-alamo-en-el-nacimiento-de-la-cancion-canaria\/#BlogPosting","mainEntityOfPage":"https:\/\/www.canariasconfidencial.com\/gran-canaria\/una-mesa-redonda-analiza-el-protagonismo-de-nestor-alamo-en-el-nacimiento-de-la-cancion-canaria\/","headline":"Una mesa redonda analiza el protagonismo de N\u00e9stor \u00c1lamo en el nacimiento de la canci\u00f3n canaria","name":"Una mesa redonda analiza el protagonismo de N\u00e9stor \u00c1lamo en el nacimiento de la canci\u00f3n canaria","description":"El programa de la 28&ordm; edici&oacute;n del Memorial D&iacute;az Cutillas que organiza la Consejer&iacute;a de Cultura del Cabildo grancanario que dirige Carlos Ruiz, celebra el d&iacute;a 4 de mayo, en la Casa-Museo N&eacute;stor &Aacute;lamo del municipio, a las 20.00 horas, la mesa redonda titulada &lsquo;Nestor &Aacute;lamo. &iquest;El padre de la canci&oacute;n canaria?&rsquo;, en la que [&hellip;]","datePublished":"2017-05-03","dateModified":"2017-05-03","author":{"@type":"Person","@id":"https:\/\/www.canariasconfidencial.com\/author\/admin\/#Person","name":"Canarias Confidencial","url":"https:\/\/www.canariasconfidencial.com\/author\/admin\/","image":{"@type":"ImageObject","@id":"https:\/\/secure.gravatar.com\/avatar\/44ad1b7f51be99230dbaef835819598e?s=96&d=mm&r=g","url":"https:\/\/secure.gravatar.com\/avatar\/44ad1b7f51be99230dbaef835819598e?s=96&d=mm&r=g","height":96,"width":96}},"publisher":{"@type":"Organization","name":"Canarias Confidencial","logo":{"@type":"ImageObject","@id":"https:\/\/www.canariasconfidencial.com\/wp-content\/uploads\/2018\/07\/Canarias-Confidencial-1.png","url":"https:\/\/www.canariasconfidencial.com\/wp-content\/uploads\/2018\/07\/Canarias-Confidencial-1.png","width":600,"height":100}},"image":{"@type":"ImageObject","@id":"http:\/\/www.infonortedigital.com\/portada\/images\/noticias\/Guia2015\/Guia_2017\/casamuseonestor.jpg","url":"http:\/\/www.infonortedigital.com\/portada\/images\/noticias\/Guia2015\/Guia_2017\/casamuseonestor.jpg","height":"","width":""},"url":"https:\/\/www.canariasconfidencial.com\/gran-canaria\/una-mesa-redonda-analiza-el-protagonismo-de-nestor-alamo-en-el-nacimiento-de-la-cancion-canaria\/","about":["Gran Canaria"],"wordCount":638},{"@context":"https:\/\/schema.org\/","@type":"BreadcrumbList","itemListElement":[{"@type":"ListItem","position":1,"name":"Gran Canaria","item":"https:\/\/www.canariasconfidencial.com\/gran-canaria\/#breadcrumbitem"},{"@type":"ListItem","position":2,"name":"Una mesa redonda analiza el protagonismo de N\u00e9stor \u00c1lamo en el nacimiento de la canci\u00f3n canaria","item":"https:\/\/www.canariasconfidencial.com\/gran-canaria\/una-mesa-redonda-analiza-el-protagonismo-de-nestor-alamo-en-el-nacimiento-de-la-cancion-canaria\/#breadcrumbitem"}]}]