[{"@context":"https:\/\/schema.org\/","@type":"BlogPosting","@id":"https:\/\/www.canariasconfidencial.com\/gran-canaria\/una-voluntaria-francesa-informara-a-los-jovenes-grancanarios-de-programas-europeos-gracias-a-un-proyecto-del-cabildo\/#BlogPosting","mainEntityOfPage":"https:\/\/www.canariasconfidencial.com\/gran-canaria\/una-voluntaria-francesa-informara-a-los-jovenes-grancanarios-de-programas-europeos-gracias-a-un-proyecto-del-cabildo\/","headline":"Una voluntaria francesa informar\u00e1 a los j\u00f3venes grancanarios de programas europeos gracias a un proyecto del Cabildo","name":"Una voluntaria francesa informar\u00e1 a los j\u00f3venes grancanarios de programas europeos gracias a un proyecto del Cabildo","description":"Una joven voluntaria francesa informar&aacute; sobre proyectos europeos a chicos y chicas grancanarios gracias a una iniciativa de la Consejer&iacute;a de Educaci&oacute;n y Juventud del Cabildo. El consejero del &aacute;rea, Miguel Montero, ha explicado que la estancia de la joven Alicia Beucher&nbsp;en la Isla obedece a la participaci&oacute;n de la Corporaci&oacute;n en el programa del [&hellip;]","datePublished":"2016-03-09","dateModified":"2016-03-09","author":{"@type":"Person","@id":"https:\/\/www.canariasconfidencial.com\/author\/admin\/#Person","name":"Canarias Confidencial","url":"https:\/\/www.canariasconfidencial.com\/author\/admin\/","image":{"@type":"ImageObject","@id":"https:\/\/secure.gravatar.com\/avatar\/44ad1b7f51be99230dbaef835819598e?s=96&d=mm&r=g","url":"https:\/\/secure.gravatar.com\/avatar\/44ad1b7f51be99230dbaef835819598e?s=96&d=mm&r=g","height":96,"width":96}},"publisher":{"@type":"Organization","name":"Canarias Confidencial","logo":{"@type":"ImageObject","@id":"https:\/\/www.canariasconfidencial.com\/wp-content\/uploads\/2018\/07\/Canarias-Confidencial-1.png","url":"https:\/\/www.canariasconfidencial.com\/wp-content\/uploads\/2018\/07\/Canarias-Confidencial-1.png","width":600,"height":100}},"image":{"@type":"ImageObject","@id":"http:\/\/www.ucarecdn.com\/bd66fd61-7b50-42ab-a597-ab9345fe5127\/-\/preview\/","url":"http:\/\/www.ucarecdn.com\/bd66fd61-7b50-42ab-a597-ab9345fe5127\/-\/preview\/","height":"","width":""},"url":"https:\/\/www.canariasconfidencial.com\/gran-canaria\/una-voluntaria-francesa-informara-a-los-jovenes-grancanarios-de-programas-europeos-gracias-a-un-proyecto-del-cabildo\/","about":["Gran Canaria"],"wordCount":350},{"@context":"https:\/\/schema.org\/","@type":"BreadcrumbList","itemListElement":[{"@type":"ListItem","position":1,"name":"Gran Canaria","item":"https:\/\/www.canariasconfidencial.com\/gran-canaria\/#breadcrumbitem"},{"@type":"ListItem","position":2,"name":"Una voluntaria francesa informar\u00e1 a los j\u00f3venes grancanarios de programas europeos gracias a un proyecto del Cabildo","item":"https:\/\/www.canariasconfidencial.com\/gran-canaria\/una-voluntaria-francesa-informara-a-los-jovenes-grancanarios-de-programas-europeos-gracias-a-un-proyecto-del-cabildo\/#breadcrumbitem"}]}]