[{"@context":"https:\/\/schema.org\/","@type":"BlogPosting","@id":"https:\/\/www.canariasconfidencial.com\/gran-canaria\/varios-documentos-personales-del-poeta-tomas-morales-ven-la-luz-por-primera-vez-en-una-exposicion\/#BlogPosting","mainEntityOfPage":"https:\/\/www.canariasconfidencial.com\/gran-canaria\/varios-documentos-personales-del-poeta-tomas-morales-ven-la-luz-por-primera-vez-en-una-exposicion\/","headline":"Varios documentos personales del poeta Tom\u00e1s Morales ven la luz por primera vez en una exposici\u00f3n","name":"Varios documentos personales del poeta Tom\u00e1s Morales ven la luz por primera vez en una exposici\u00f3n","description":"&nbsp; La Casa-Museo Tom&aacute;s Morales de Moya &nbsp;inaugura el martes, 25 de octubre, a las 20.00 horas, una exposici&oacute;n que recorre los cuarenta a&ntilde;os de historia del centro. La exhibici&oacute;n denominada gen&eacute;ricamente &lsquo;Tom&aacute;s Morales: el ma&ntilde;ana se enlaza, feliz, con el ayer&rsquo;, re&uacute;ne el m&aacute;s completo conjunto documental, bibliogr&aacute;fico e iconogr&aacute;fico alrededor de la figura [&hellip;]","datePublished":"2016-10-22","dateModified":"2016-10-22","author":{"@type":"Person","@id":"https:\/\/www.canariasconfidencial.com\/author\/admin\/#Person","name":"Canarias Confidencial","url":"https:\/\/www.canariasconfidencial.com\/author\/admin\/","image":{"@type":"ImageObject","@id":"https:\/\/secure.gravatar.com\/avatar\/44ad1b7f51be99230dbaef835819598e?s=96&d=mm&r=g","url":"https:\/\/secure.gravatar.com\/avatar\/44ad1b7f51be99230dbaef835819598e?s=96&d=mm&r=g","height":96,"width":96}},"publisher":{"@type":"Organization","name":"Canarias Confidencial","logo":{"@type":"ImageObject","@id":"https:\/\/www.canariasconfidencial.com\/wp-content\/uploads\/2018\/07\/Canarias-Confidencial-1.png","url":"https:\/\/www.canariasconfidencial.com\/wp-content\/uploads\/2018\/07\/Canarias-Confidencial-1.png","width":600,"height":100}},"image":{"@type":"ImageObject","@id":"http:\/\/www.infonortedigital.com\/portada\/images\/noticias\/Moya_2015\/Moya_2016\/dibujoccasanatal.jpg","url":"http:\/\/www.infonortedigital.com\/portada\/images\/noticias\/Moya_2015\/Moya_2016\/dibujoccasanatal.jpg","height":"","width":""},"url":"https:\/\/www.canariasconfidencial.com\/gran-canaria\/varios-documentos-personales-del-poeta-tomas-morales-ven-la-luz-por-primera-vez-en-una-exposicion\/","about":["Gran Canaria"],"wordCount":921},{"@context":"https:\/\/schema.org\/","@type":"BreadcrumbList","itemListElement":[{"@type":"ListItem","position":1,"name":"Gran Canaria","item":"https:\/\/www.canariasconfidencial.com\/gran-canaria\/#breadcrumbitem"},{"@type":"ListItem","position":2,"name":"Varios documentos personales del poeta Tom\u00e1s Morales ven la luz por primera vez en una exposici\u00f3n","item":"https:\/\/www.canariasconfidencial.com\/gran-canaria\/varios-documentos-personales-del-poeta-tomas-morales-ven-la-luz-por-primera-vez-en-una-exposicion\/#breadcrumbitem"}]}]